{"id":1055,"date":"2015-10-07T14:15:42","date_gmt":"2015-10-07T12:15:42","guid":{"rendered":"http:\/\/www.salvadormanjon.com\/?p=1055"},"modified":"2015-10-07T14:15:42","modified_gmt":"2015-10-07T12:15:42","slug":"definiendo-nuestro-futuro","status":"publish","type":"post","link":"https:\/\/www.salvadormanjon.com\/index.php\/2015\/10\/07\/definiendo-nuestro-futuro\/","title":{"rendered":"Definiendo nuestro futuro"},"content":{"rendered":"<p>Antes de que sea demasiado tarde, convendr\u00eda reflexionar sobre la buena evoluci\u00f3n de nuestras exportaciones y las razones que las justifican. Tampoco estar\u00eda mal recordar lo sucedido cuando pensamos que pod\u00edamos subir los precios de nuestros vinos y que nuestras ventas no se iban a ver afectadas, o cuando al contrario, las mantuvimos en niveles habituales. Incluso fijar la mirada en los objetivos que se ha marcado el sector a corto y medio plazo con la Interprofesional sobre la recuperaci\u00f3n del consumo interno, o la disposici\u00f3n de una informaci\u00f3n sobre disponibilidades en bodega actualizada y p\u00fablica.<\/p>\n<p>Son cuestiones todas ellas, junto con la implantaci\u00f3n de los contratos obligatorios y el pago a 30 d\u00edas, que han supuesto, y deber\u00e1n seguir haci\u00e9ndolo, un cambio muy profundo en nuestro sector. Aprovecharlo y que todos vayamos en la misma direcci\u00f3n, solo depende de nosotros.<\/p>\n<p>De momento, de los precios de las uvas no se puede decir que hayan aumentado mucho, pues si le quitamos las zonas donde han repetido las cotizaciones del a\u00f1o pasado, aquellas otras en las que los grandes cambios solo han afectado a variedades residuales, y consideramos los incrementos (p\u00e9rdida no ha existido en ninguna zona, ni variedad) para las m\u00e1s representativas; podr\u00edamos concluir que el incremento no justificar\u00eda variaciones sustanciales en los vinos.<\/p>\n<p>La cosecha, el otro gran caballo de batalla, est\u00e1 por ver lo que acaba siendo, pues las previsiones anteriores al periodo estival se fueron al garete y las nuevas, aunque bastante ajustadas y coincidentes entre ellas, presentan vol\u00famenes liger\u00edsimamente inferiores en muestra de racimos, pero est\u00e1 todav\u00eda por ver lo que acabe afectando a su transformaci\u00f3n en vino. Pues al tama\u00f1o m\u00e1s reducido de los racimos se une el de unas uvas llamativamente peque\u00f1as pero de una sanidad impresionante.<\/p>\n<p>Tampoco nuestros principales compradores: Francia, Italia o Portugal, barajan estimaciones de cosecha que haga presumir grandes diferencias en sus necesidades con respecto a las que nos han llevado a alcanzar cifras r\u00e9cord en nuestras ventas.<\/p>\n<p>Si adem\u00e1s consideramos que las operaciones de especulaci\u00f3n pueden tener sus d\u00edas contados gracias a la informaci\u00f3n que las declaraciones mensuales que deber\u00e1n realizar las bodegas sobre sus disponibilidades, el panorama no puede ser m\u00e1s esperanzador.<\/p>\n<p>\u00bfLo vamos a saber aprovechar para consolidar mercados y avanzar en la valorizaci\u00f3n de nuestros vinos? Esa es una gran inc\u00f3gnita que solo cada una de las bodegas y cooperativas tienen en su mano responder y, as\u00ed, definir lo que quieren ser en los pr\u00f3ximos a\u00f1os.<\/p>\n","protected":false},"excerpt":{"rendered":"<p>Antes de que sea demasiado tarde, convendr\u00eda reflexionar sobre la buena evoluci\u00f3n de nuestras exportaciones y las razones que las justifican. Tampoco estar\u00eda mal recordar lo sucedido cuando pensamos que pod\u00edamos subir los precios de nuestros vinos y que nuestras ventas no se iban a ver afectadas, o cuando al contrario, las mantuvimos en niveles [&hellip;]<\/p>\n","protected":false},"author":1,"featured_media":0,"comment_status":"open","ping_status":"closed","sticky":false,"template":"","format":"standard","meta":{"footnotes":""},"categories":[3],"tags":[],"class_list":["post-1055","post","type-post","status-publish","format-standard","hentry","category-impresiones"],"_links":{"self":[{"href":"https:\/\/www.salvadormanjon.com\/index.php\/wp-json\/wp\/v2\/posts\/1055","targetHints":{"allow":["GET"]}}],"collection":[{"href":"https:\/\/www.salvadormanjon.com\/index.php\/wp-json\/wp\/v2\/posts"}],"about":[{"href":"https:\/\/www.salvadormanjon.com\/index.php\/wp-json\/wp\/v2\/types\/post"}],"author":[{"embeddable":true,"href":"https:\/\/www.salvadormanjon.com\/index.php\/wp-json\/wp\/v2\/users\/1"}],"replies":[{"embeddable":true,"href":"https:\/\/www.salvadormanjon.com\/index.php\/wp-json\/wp\/v2\/comments?post=1055"}],"version-history":[{"count":0,"href":"https:\/\/www.salvadormanjon.com\/index.php\/wp-json\/wp\/v2\/posts\/1055\/revisions"}],"wp:attachment":[{"href":"https:\/\/www.salvadormanjon.com\/index.php\/wp-json\/wp\/v2\/media?parent=1055"}],"wp:term":[{"taxonomy":"category","embeddable":true,"href":"https:\/\/www.salvadormanjon.com\/index.php\/wp-json\/wp\/v2\/categories?post=1055"},{"taxonomy":"post_tag","embeddable":true,"href":"https:\/\/www.salvadormanjon.com\/index.php\/wp-json\/wp\/v2\/tags?post=1055"}],"curies":[{"name":"wp","href":"https:\/\/api.w.org\/{rel}","templated":true}]}}