{"id":1065,"date":"2015-10-21T12:05:08","date_gmt":"2015-10-21T10:05:08","guid":{"rendered":"http:\/\/www.salvadormanjon.com\/?p=1065"},"modified":"2015-10-21T12:05:08","modified_gmt":"2015-10-21T10:05:08","slug":"las-vendimias-en-espana-7","status":"publish","type":"post","link":"https:\/\/www.salvadormanjon.com\/index.php\/2015\/10\/21\/las-vendimias-en-espana-7\/","title":{"rendered":"Las vendimias en Espa\u00f1a"},"content":{"rendered":"<p>Con m\u00e1s o menos acierto (eso solo lo sabremos una vez conocidas las primeras declaraciones de producci\u00f3n all\u00e1 por finales de diciembre, si es que no se vuelve a producir un aplazamiento), desde SeVi vamos perfilando nuestra estimaci\u00f3n y reduciendo la horquilla entre los cuarenta y uno y los cuarenta y dos millones de hectolitros, o dicho en porcentaje con respecto a la cosecha del 2014, entre un 8 y un 5 por ciento menor.<\/p>\n<p>Volumen que, en ning\u00fan caso, parece que vaya a generar grandes tensiones, ni en un sentido ni en otro, en el mercado. Pues si bien ya hay vinos por los que se han pagado cotizaciones muy superiores a las del mercado, su aumento responde m\u00e1s a las caracter\u00edsticas especiales de los elaborados que a las propias condiciones de un mercado que, aunque mejora sus precios, las subidas son de una forma moderada.<\/p>\n<p>La sanidad del fruto sigue confirm\u00e1ndose ante la ausencia de agentes meteorol\u00f3gicos que perjudicasen la correcta maduraci\u00f3n de la uva. Y aunque en estos \u00faltimos d\u00edas los episodios de lluvia y viento se han generalizado en toda Espa\u00f1a, las hect\u00e1reas que restan por vendimiar podr\u00edamos decir que son despreciables para el conjunto de la producci\u00f3n nacional.<\/p>\n<p>A destacar el adelanto entre siete y diez d\u00edas en t\u00e9rminos generales de las vendimias con respecto a las fechas que eran habituales. Lo que ha vuelto a reavivar la tradicional pol\u00e9mica sobre si se debe a un cambio clim\u00e1tico o, simplemente, se trata de oscilaciones normales en los ciclos.<\/p>\n<p>Por lo que respecta al resto de productores europeos es de destacar que tampoco se han producido variaciones de consideraci\u00f3n en sus estimaciones, manteniendo Alemania una disminuci\u00f3n de poco m\u00e1s del cuatro por ciento, y el resto de pa\u00edses crecimientos moderados del uno por ciento en Francia, ocho en Portugal y once en Italia.<\/p>\n","protected":false},"excerpt":{"rendered":"<p>Con m\u00e1s o menos acierto (eso solo lo sabremos una vez conocidas las primeras declaraciones de producci\u00f3n all\u00e1 por finales de diciembre, si es que no se vuelve a producir un aplazamiento), desde SeVi vamos perfilando nuestra estimaci\u00f3n y reduciendo la horquilla entre los cuarenta y uno y los cuarenta y dos millones de hectolitros, [&hellip;]<\/p>\n","protected":false},"author":1,"featured_media":0,"comment_status":"open","ping_status":"closed","sticky":false,"template":"","format":"standard","meta":{"footnotes":""},"categories":[6],"tags":[],"class_list":["post-1065","post","type-post","status-publish","format-standard","hentry","category-vendimia"],"_links":{"self":[{"href":"https:\/\/www.salvadormanjon.com\/index.php\/wp-json\/wp\/v2\/posts\/1065","targetHints":{"allow":["GET"]}}],"collection":[{"href":"https:\/\/www.salvadormanjon.com\/index.php\/wp-json\/wp\/v2\/posts"}],"about":[{"href":"https:\/\/www.salvadormanjon.com\/index.php\/wp-json\/wp\/v2\/types\/post"}],"author":[{"embeddable":true,"href":"https:\/\/www.salvadormanjon.com\/index.php\/wp-json\/wp\/v2\/users\/1"}],"replies":[{"embeddable":true,"href":"https:\/\/www.salvadormanjon.com\/index.php\/wp-json\/wp\/v2\/comments?post=1065"}],"version-history":[{"count":0,"href":"https:\/\/www.salvadormanjon.com\/index.php\/wp-json\/wp\/v2\/posts\/1065\/revisions"}],"wp:attachment":[{"href":"https:\/\/www.salvadormanjon.com\/index.php\/wp-json\/wp\/v2\/media?parent=1065"}],"wp:term":[{"taxonomy":"category","embeddable":true,"href":"https:\/\/www.salvadormanjon.com\/index.php\/wp-json\/wp\/v2\/categories?post=1065"},{"taxonomy":"post_tag","embeddable":true,"href":"https:\/\/www.salvadormanjon.com\/index.php\/wp-json\/wp\/v2\/tags?post=1065"}],"curies":[{"name":"wp","href":"https:\/\/api.w.org\/{rel}","templated":true}]}}