{"id":1142,"date":"2016-03-10T10:10:38","date_gmt":"2016-03-10T08:10:38","guid":{"rendered":"http:\/\/www.salvadormanjon.com\/?p=1142"},"modified":"2016-03-10T10:10:38","modified_gmt":"2016-03-10T08:10:38","slug":"dos-buenos-ejemplos","status":"publish","type":"post","link":"https:\/\/www.salvadormanjon.com\/index.php\/2016\/03\/10\/dos-buenos-ejemplos\/","title":{"rendered":"Dos buenos ejemplos"},"content":{"rendered":"<p>Mientras las Denominaciones de Origen, a trav\u00e9s de la Conferencia Espa\u00f1ola de Consejos Reguladores Vitivin\u00edcolas (CECRV), toma la iniciativa y aborda el grave problema del consumo de vino en Espa\u00f1a, poniendo el dinero necesario para realizar una nueva campa\u00f1a, esta vez bajo el t\u00edtulo: \u201cMovimiento Vino D.O.\u201d, con la que revitalizar el consumo de vino entre los j\u00f3venes;\u00a0\u00a0 la puesta en marcha de una Organizaci\u00f3n Interprofesional del Sector Vitivin\u00edcola (OIVE) hace agua por todos los sitios y desinfla una aspiraci\u00f3n hist\u00f3rica del sector con la que disponer de una mayor, mejor y m\u00e1s actualizada informaci\u00f3n. As\u00ed como una herramienta con la que ser capaz de realizar acciones conjuntas a favor del sector en su conjunto y que, b\u00e1sicamente, repercutan sobre la rentabilidad, transparencia y recuperaci\u00f3n del consumo de vino en Espa\u00f1a.<\/p>\n<p>Parec\u00eda que la firma del documento de constituci\u00f3n de la OIVE era un principio lo suficientemente s\u00f3lido como para creernos que pod\u00eda ser verdad. Que el sector vitivin\u00edcola espa\u00f1ol, por fin, tendr\u00eda una Interprofesional que defendiera los intereses colectivos y dispusiera de recursos con los que ejecutar medidas encaminadas a su desarrollo. Es m\u00e1s, incluso el acuerdo alcanzado en la redacci\u00f3n de la extensi\u00f3n de norma, por la que se establec\u00eda el importe que cada uno de los operadores tendr\u00eda que aportar, permit\u00eda pensar que se hab\u00edan superado los recelos de \u00e9pocas anteriores y la profesionalizaci\u00f3n del sector se hab\u00eda impuesto a posiciones dominantes de unos pocos.<\/p>\n<p>Con lo que no cont\u00e1bamos era con que el organismo que menos ten\u00eda que decir en todo esto, el que se hab\u00eda hartado de animar al sector a que la sacara adelante, el que en todas las ocasiones que ten\u00eda aprovechaba para advertir que har\u00eda lo que el sector le pidiese que hiciera&#8230; Ese mismo organismo p\u00fablico, el Ministerio de Agricultura, ser\u00eda el que acabara torpedeando su puesta en marcha.<\/p>\n<p>Que haya empresas cuyos intereses se vean amenazados e intenten boicotear el proyecto es, hasta cierto punto, entendible. Que estos intereses se lleven hasta organizaciones empresariales dominadas por este tipo de empresas, tambi\u00e9n. Incluso, si me apuran, que algunas administraciones lo quieran utilizar para reivindicar aspiraciones pol\u00edticas era previsible y sus t\u00e9cnicos demostraron suficiente cintura y habilidad para armar un mecanismo por el que minimizar sus consecuencias.<\/p>\n<p>Pero que sea el propio Magrama el que, por inacci\u00f3n est\u00e9 torpeando su puesta en marcha, permitiendo que aquellos que est\u00e1n obligados a cumplir con las obligaciones que emanan de nuestro ordenamiento jur\u00eddico no lo hagan, eso es, sencillamente, inadmisible. No es de recibo que el mismo organismo que se ha vanagloriado de amenazar p\u00fablicamente a las bodegas en la pasada vendimia de hacer un seguimiento inquisitorial a quienes no cumplieran con la Ley de la Cadena de Valor, realice semejante dejaci\u00f3n de funciones a la hora hacer cumplir la Ley y perseguir a quienes no se inscriban en el REOVI y realicen las declaraciones en el INFOVI.<\/p>\n<p>En mi opini\u00f3n, nos estamos jugando algo m\u00e1s que unas declaraciones, una informaci\u00f3n, un mejorar el valor de nuestras producciones o una Interprofesional con la que recuperar algo de nuestro consumo. Nos estamos jugando la misma esencia de un estado de derecho basado en la estabilidad jur\u00eddica.<\/p>\n<p>Entre tanto, los Consejos Reguladores haciendo gala del buen hacer y el oficio de sus integrantes, y con mucho menos ruido, ponen el dinero, idean, desarrollan y ponen en marcha una campa\u00f1a para abordar el mismo problema que la Interprofesional se plantea combatir entre sus objetivos prioritarios.<\/p>\n<p>Dos buenos ejemplos de la voluntad de cada uno.<\/p>\n","protected":false},"excerpt":{"rendered":"<p>Mientras las Denominaciones de Origen, a trav\u00e9s de la Conferencia Espa\u00f1ola de Consejos Reguladores Vitivin\u00edcolas (CECRV), toma la iniciativa y aborda el grave problema del consumo de vino en Espa\u00f1a, poniendo el dinero necesario para realizar una nueva campa\u00f1a, esta vez bajo el t\u00edtulo: \u201cMovimiento Vino D.O.\u201d, con la que revitalizar el consumo de vino [&hellip;]<\/p>\n","protected":false},"author":1,"featured_media":0,"comment_status":"open","ping_status":"closed","sticky":false,"template":"","format":"standard","meta":{"footnotes":""},"categories":[3],"tags":[],"class_list":["post-1142","post","type-post","status-publish","format-standard","hentry","category-impresiones"],"_links":{"self":[{"href":"https:\/\/www.salvadormanjon.com\/index.php\/wp-json\/wp\/v2\/posts\/1142","targetHints":{"allow":["GET"]}}],"collection":[{"href":"https:\/\/www.salvadormanjon.com\/index.php\/wp-json\/wp\/v2\/posts"}],"about":[{"href":"https:\/\/www.salvadormanjon.com\/index.php\/wp-json\/wp\/v2\/types\/post"}],"author":[{"embeddable":true,"href":"https:\/\/www.salvadormanjon.com\/index.php\/wp-json\/wp\/v2\/users\/1"}],"replies":[{"embeddable":true,"href":"https:\/\/www.salvadormanjon.com\/index.php\/wp-json\/wp\/v2\/comments?post=1142"}],"version-history":[{"count":0,"href":"https:\/\/www.salvadormanjon.com\/index.php\/wp-json\/wp\/v2\/posts\/1142\/revisions"}],"wp:attachment":[{"href":"https:\/\/www.salvadormanjon.com\/index.php\/wp-json\/wp\/v2\/media?parent=1142"}],"wp:term":[{"taxonomy":"category","embeddable":true,"href":"https:\/\/www.salvadormanjon.com\/index.php\/wp-json\/wp\/v2\/categories?post=1142"},{"taxonomy":"post_tag","embeddable":true,"href":"https:\/\/www.salvadormanjon.com\/index.php\/wp-json\/wp\/v2\/tags?post=1142"}],"curies":[{"name":"wp","href":"https:\/\/api.w.org\/{rel}","templated":true}]}}