{"id":1290,"date":"2016-11-03T10:24:17","date_gmt":"2016-11-03T08:24:17","guid":{"rendered":"http:\/\/www.salvadormanjon.com\/?p=1290"},"modified":"2016-11-03T10:24:17","modified_gmt":"2016-11-03T08:24:17","slug":"anos-en-los-que-nos-jugamos-mucho","status":"publish","type":"post","link":"https:\/\/www.salvadormanjon.com\/index.php\/2016\/11\/03\/anos-en-los-que-nos-jugamos-mucho\/","title":{"rendered":"A\u00f1os en los que nos jugamos mucho"},"content":{"rendered":"<p>Ni por la elevada suma que representa (6.242,5 M\u20ac), ni por la funci\u00f3n que desarrolla de reconversi\u00f3n y reestructuraci\u00f3n, promoci\u00f3n en terceros pa\u00edses, inversiones, pago \u00fanico, etc., el sector vitivin\u00edcola europeo est\u00e1 en disposici\u00f3n de prescindir de los Programas Nacionales de Apoyo a partir de 2018, cuando concluye el actual periodo 2014-2018. Los constantes anuncios de la Comisi\u00f3n Europea sobre la revisi\u00f3n del Marco Financiero Plurianual 2020-27, las consecuencias que pudiera tener el \u201cBrexit\u201d de Reino Unido previsto, a m\u00e1s tardar, para 2019; o la desviaci\u00f3n de fondos que est\u00e1 suponiendo la pol\u00edtica social (inmigraci\u00f3n, refugiados, fronteras, crecimiento, empleo\u2026) o medioambientales; hacen temer una reducci\u00f3n notable en los fondos destinados a la Pol\u00edtica Agraria Com\u00fan (PAC), que acaben teniendo importantes consecuencias sobre los Programas de Apoyo al Vino.<\/p>\n<p>Dicho lo cual, al menos tenemos la voluntad pol\u00edtica de la Comisi\u00f3n, anunciada por la coordinadora de estos Programas, Chiara Imperio, quien confirm\u00f3 oficialmente que existe una \u201cintencionalidad y voluntad pol\u00edtica\u201d de prorrogarlos durante un nuevo periodo (2019-2023). As\u00ed como que se alarguen hasta el 2020-21 los actuales a fin de garantizarnos su existencia, con independencia de lo que sucediera con el Marco Financiero 2020-27.<\/p>\n<p>Pero si atentos habr\u00e1 que estar a este tema en los pr\u00f3ximos meses, no menos importancia demanda la situaci\u00f3n competitiva de nuestro pa\u00eds. Asunto analizado por el OEMV en un informe para el Magrama y que bajo el t\u00edtulo \u201cLa situaci\u00f3n competitiva de los vinos espa\u00f1oles en el mundo y previsiones de evoluci\u00f3n\u201d fue presentado a representantes del sector y entre cuyas principales conclusiones destacar\u00edamos que para un horizonte de 2025 Espa\u00f1a exportar\u00eda 31,8 Mhl por un valor de 4.174 M\u20ac, gracias a un precio medio de 1,48 \u20ac\/litro, que tendr\u00eda su explicaci\u00f3n en un cambio del \u201cmix\u201d de producto, en el que aumentar\u00edan los vinos envasados hasta el 35,1% del total, los espumosos al 6,8% y reduci\u00e9ndose los graneles al 58,1%, que aumentar\u00edan su precio gracias a pasar de graneles b\u00e1sicos y \u201can\u00f3nimos\u201d a varietales.<\/p>\n<p>Confiemos en que la frialdad y escepticismo con los que fue recibida esta proyecci\u00f3n por parte de una fracci\u00f3n importante de los presentes en la reuni\u00f3n entre Magrama y sector, tenga poco grado de cumplimiento y las dotes de anal\u00edticas del Observatorio se cumplan. Por el bien del sector.<\/p>\n","protected":false},"excerpt":{"rendered":"<p>Ni por la elevada suma que representa (6.242,5 M\u20ac), ni por la funci\u00f3n que desarrolla de reconversi\u00f3n y reestructuraci\u00f3n, promoci\u00f3n en terceros pa\u00edses, inversiones, pago \u00fanico, etc., el sector vitivin\u00edcola europeo est\u00e1 en disposici\u00f3n de prescindir de los Programas Nacionales de Apoyo a partir de 2018, cuando concluye el actual periodo 2014-2018. Los constantes anuncios [&hellip;]<\/p>\n","protected":false},"author":1,"featured_media":0,"comment_status":"open","ping_status":"closed","sticky":false,"template":"","format":"standard","meta":{"footnotes":""},"categories":[3],"tags":[],"class_list":["post-1290","post","type-post","status-publish","format-standard","hentry","category-impresiones"],"_links":{"self":[{"href":"https:\/\/www.salvadormanjon.com\/index.php\/wp-json\/wp\/v2\/posts\/1290","targetHints":{"allow":["GET"]}}],"collection":[{"href":"https:\/\/www.salvadormanjon.com\/index.php\/wp-json\/wp\/v2\/posts"}],"about":[{"href":"https:\/\/www.salvadormanjon.com\/index.php\/wp-json\/wp\/v2\/types\/post"}],"author":[{"embeddable":true,"href":"https:\/\/www.salvadormanjon.com\/index.php\/wp-json\/wp\/v2\/users\/1"}],"replies":[{"embeddable":true,"href":"https:\/\/www.salvadormanjon.com\/index.php\/wp-json\/wp\/v2\/comments?post=1290"}],"version-history":[{"count":0,"href":"https:\/\/www.salvadormanjon.com\/index.php\/wp-json\/wp\/v2\/posts\/1290\/revisions"}],"wp:attachment":[{"href":"https:\/\/www.salvadormanjon.com\/index.php\/wp-json\/wp\/v2\/media?parent=1290"}],"wp:term":[{"taxonomy":"category","embeddable":true,"href":"https:\/\/www.salvadormanjon.com\/index.php\/wp-json\/wp\/v2\/categories?post=1290"},{"taxonomy":"post_tag","embeddable":true,"href":"https:\/\/www.salvadormanjon.com\/index.php\/wp-json\/wp\/v2\/tags?post=1290"}],"curies":[{"name":"wp","href":"https:\/\/api.w.org\/{rel}","templated":true}]}}