{"id":1390,"date":"2017-05-31T09:54:43","date_gmt":"2017-05-31T07:54:43","guid":{"rendered":"http:\/\/www.salvadormanjon.com\/?p=1390"},"modified":"2017-05-31T09:54:43","modified_gmt":"2017-05-31T07:54:43","slug":"ustedes-deciden","status":"publish","type":"post","link":"https:\/\/www.salvadormanjon.com\/index.php\/2017\/05\/31\/ustedes-deciden\/","title":{"rendered":"Ustedes deciden"},"content":{"rendered":"<p>Muy posiblemente acaben teniendo raz\u00f3n y comunicados como los emitidos en d\u00edas pasados por Cooperativas agro-alimentarias sobre \u201cun fin de campa\u00f1a equilibrado y una posible disminuci\u00f3n de la pr\u00f3xima vendimia\u201d, o de la organizaci\u00f3n sindical agraria Uni\u00f3n de Uniones manteniendo que \u201cse dan las condiciones para precios al alza en la pr\u00f3xima vendimia\u201d; resulten premonitorios, teni\u00e9ndome que tragar todas estas palabras.<\/p>\n<p>Pero me cuesta mucho entender c\u00f3mo es posible que, despu\u00e9s de lo sucedido la pasada campa\u00f1a, sea posible que todav\u00eda nos atrevamos en el mes de mayo a hablar sobre la pr\u00f3xima vendimia. M\u00e1xime cuando todav\u00eda est\u00e1n por cuantificar exactamente los efectos que acaben teniendo las heladas sufridas en buena parte del tercio norte peninsular, las consecuencias que puedan acabar teniendo los episodios de granizo, las posibles plagas de mildiu, olas de calor,\u2026 y muchas m\u00e1s inclemencias que pueden afectar de manera significativa a la pr\u00f3xima cosecha.<\/p>\n<p>Eso por no hablar del gran desconocimiento del que, todos, hemos hecho gala cuando hemos tenido ocasi\u00f3n, sobre el verdadero potencial de producci\u00f3n actual de nuestro pa\u00eds. Muy distante del que ten\u00edamos hace apenas cinco a\u00f1os y que, hasta el momento, nadie ha acertado en cuantificar correctamente.<\/p>\n<p>Sabemos perfectamente que nuestras cotizaciones se encuentran directamente afectadas por lo que suceda en los pa\u00edses de nuestro entorno, Francia e Italia especialmente, puesto que las exportaciones vienen a representar dos veces y media lo que vendemos en el mercado interior. Gracias al Infovi y la informaci\u00f3n mensual que facilita tenemos datos concretos sobre las existencias disponibles, y podemos asegurar que la evoluci\u00f3n del mercado es buena (poco m\u00e1s, pues no disponemos de hist\u00f3rico con el que comparar). Pero poco m\u00e1s.<\/p>\n<p>Y en cambio ni de estas dos organizaciones, ni de las otras existentes aunque no hayan hecho p\u00fablico ning\u00fan comunicado al respecto, he encontrado demanda alguna sobre la necesidad de conocer nuestro potencial de producci\u00f3n, coordinar la producci\u00f3n, establecer pol\u00edticas comerciales (que no fijar precios) conjuntas, etc. Seguramente ser\u00e1 porque consideren que no les corresponde a ellos hacerlo y derivan la responsabilidad sobre otros. No lo s\u00e9.<\/p>\n<p>Pero si queremos un sector con futuro, necesitamos una renta digna para nuestros viticultores y eso pasa necesariamente por subir sus ingresos. Lo que solo es posible subiendo el precio de la uva o aumentando los rendimientos. Ustedes deciden.<\/p>\n","protected":false},"excerpt":{"rendered":"<p>Muy posiblemente acaben teniendo raz\u00f3n y comunicados como los emitidos en d\u00edas pasados por Cooperativas agro-alimentarias sobre \u201cun fin de campa\u00f1a equilibrado y una posible disminuci\u00f3n de la pr\u00f3xima vendimia\u201d, o de la organizaci\u00f3n sindical agraria Uni\u00f3n de Uniones manteniendo que \u201cse dan las condiciones para precios al alza en la pr\u00f3xima vendimia\u201d; resulten premonitorios, [&hellip;]<\/p>\n","protected":false},"author":1,"featured_media":1391,"comment_status":"open","ping_status":"closed","sticky":false,"template":"","format":"standard","meta":{"footnotes":""},"categories":[3],"tags":[],"class_list":["post-1390","post","type-post","status-publish","format-standard","has-post-thumbnail","hentry","category-impresiones"],"_links":{"self":[{"href":"https:\/\/www.salvadormanjon.com\/index.php\/wp-json\/wp\/v2\/posts\/1390","targetHints":{"allow":["GET"]}}],"collection":[{"href":"https:\/\/www.salvadormanjon.com\/index.php\/wp-json\/wp\/v2\/posts"}],"about":[{"href":"https:\/\/www.salvadormanjon.com\/index.php\/wp-json\/wp\/v2\/types\/post"}],"author":[{"embeddable":true,"href":"https:\/\/www.salvadormanjon.com\/index.php\/wp-json\/wp\/v2\/users\/1"}],"replies":[{"embeddable":true,"href":"https:\/\/www.salvadormanjon.com\/index.php\/wp-json\/wp\/v2\/comments?post=1390"}],"version-history":[{"count":0,"href":"https:\/\/www.salvadormanjon.com\/index.php\/wp-json\/wp\/v2\/posts\/1390\/revisions"}],"wp:featuredmedia":[{"embeddable":true,"href":"https:\/\/www.salvadormanjon.com\/index.php\/wp-json\/"}],"wp:attachment":[{"href":"https:\/\/www.salvadormanjon.com\/index.php\/wp-json\/wp\/v2\/media?parent=1390"}],"wp:term":[{"taxonomy":"category","embeddable":true,"href":"https:\/\/www.salvadormanjon.com\/index.php\/wp-json\/wp\/v2\/categories?post=1390"},{"taxonomy":"post_tag","embeddable":true,"href":"https:\/\/www.salvadormanjon.com\/index.php\/wp-json\/wp\/v2\/tags?post=1390"}],"curies":[{"name":"wp","href":"https:\/\/api.w.org\/{rel}","templated":true}]}}