{"id":1432,"date":"2017-08-24T14:26:06","date_gmt":"2017-08-24T12:26:06","guid":{"rendered":"http:\/\/www.salvadormanjon.com\/?p=1432"},"modified":"2017-08-24T14:26:06","modified_gmt":"2017-08-24T12:26:06","slug":"inusitado-adelanto","status":"publish","type":"post","link":"https:\/\/www.salvadormanjon.com\/index.php\/2017\/08\/24\/inusitado-adelanto\/","title":{"rendered":"Inusitado adelanto"},"content":{"rendered":"<p>Con un inusitado adelanto, buena parte de la Espa\u00f1a vitivin\u00edcola, se encuentra ya con las vendimias generalizadas. Algo excepcional y fruto de las caracter\u00edsticas del a\u00f1o agron\u00f3mico que hemos vivido. El campo nos est\u00e1 hablando, nos grita y nos alerta sobre los cambios que el clima est\u00e1 sufriendo y no deber\u00edamos obviarlo.<\/p>\n<p>Conforme han ido pasando las semanas de recogida, con trabajos ya en julio en los puntos m\u00e1s tempranos de nuestra geograf\u00eda, se han ido confirmando las previsiones de una menor producci\u00f3n. Las causas hay que buscarlas en la sequ\u00eda que han padecido las regiones vitivin\u00edcolas y en las heladas de primavera que asolaron los vi\u00f1edos de la parte norte del pa\u00eds. Luego, habr\u00e1 que ver si los vi\u00f1edos m\u00e1s j\u00f3venes y vigorosos, implantados en las zonas m\u00e1s productivas de Espa\u00f1a y con el apoyo de riego, y que entrar\u00e1n en producci\u00f3n en esta campa\u00f1a son capaces de paliar (veremos en qu\u00e9 porcentaje) algo de esa merma, que podr\u00eda dejar la producci\u00f3n espa\u00f1ola por debajo de los 38 Mhl.<\/p>\n<p>Estos trabajos de recogida tambi\u00e9n han permitido constatar que la uva que est\u00e1 entrando en las bodegas muestra, en t\u00e9rminos generales, una gran calidad y un estado sanitario \u00f3ptimo, lo que redundar\u00e1 en la calidad de los vinos resultantes.<\/p>\n<p>Y ante este escenario de menor producci\u00f3n (no solo en Espa\u00f1a, sino tambi\u00e9n en Francia e Italia) los grandes industriales han apostado por incrementar los precios a los que pagar\u00e1n la uva esta vendimia. Las primeras tablillas hablan de aumentos de entre el 12 y el 20% seg\u00fan variedades en la zona de Valdepe\u00f1as. Algo que no es balad\u00ed, pues es la gran referencia que estaban esperando en otras zonas productoras para marcar los precios de inicio en esta campa\u00f1a que se presenta prometedora. Buena vendimia a todos.<\/p>\n","protected":false},"excerpt":{"rendered":"<p>Con un inusitado adelanto, buena parte de la Espa\u00f1a vitivin\u00edcola, se encuentra ya con las vendimias generalizadas. Algo excepcional y fruto de las caracter\u00edsticas del a\u00f1o agron\u00f3mico que hemos vivido. El campo nos est\u00e1 hablando, nos grita y nos alerta sobre los cambios que el clima est\u00e1 sufriendo y no deber\u00edamos obviarlo. Conforme han ido [&hellip;]<\/p>\n","protected":false},"author":1,"featured_media":0,"comment_status":"open","ping_status":"closed","sticky":false,"template":"","format":"standard","meta":{"footnotes":""},"categories":[3],"tags":[],"class_list":["post-1432","post","type-post","status-publish","format-standard","hentry","category-impresiones"],"_links":{"self":[{"href":"https:\/\/www.salvadormanjon.com\/index.php\/wp-json\/wp\/v2\/posts\/1432","targetHints":{"allow":["GET"]}}],"collection":[{"href":"https:\/\/www.salvadormanjon.com\/index.php\/wp-json\/wp\/v2\/posts"}],"about":[{"href":"https:\/\/www.salvadormanjon.com\/index.php\/wp-json\/wp\/v2\/types\/post"}],"author":[{"embeddable":true,"href":"https:\/\/www.salvadormanjon.com\/index.php\/wp-json\/wp\/v2\/users\/1"}],"replies":[{"embeddable":true,"href":"https:\/\/www.salvadormanjon.com\/index.php\/wp-json\/wp\/v2\/comments?post=1432"}],"version-history":[{"count":0,"href":"https:\/\/www.salvadormanjon.com\/index.php\/wp-json\/wp\/v2\/posts\/1432\/revisions"}],"wp:attachment":[{"href":"https:\/\/www.salvadormanjon.com\/index.php\/wp-json\/wp\/v2\/media?parent=1432"}],"wp:term":[{"taxonomy":"category","embeddable":true,"href":"https:\/\/www.salvadormanjon.com\/index.php\/wp-json\/wp\/v2\/categories?post=1432"},{"taxonomy":"post_tag","embeddable":true,"href":"https:\/\/www.salvadormanjon.com\/index.php\/wp-json\/wp\/v2\/tags?post=1432"}],"curies":[{"name":"wp","href":"https:\/\/api.w.org\/{rel}","templated":true}]}}