{"id":1531,"date":"2018-01-17T13:30:16","date_gmt":"2018-01-17T11:30:16","guid":{"rendered":"http:\/\/www.salvadormanjon.com\/?p=1531"},"modified":"2018-01-17T13:30:16","modified_gmt":"2018-01-17T11:30:16","slug":"puede-que-sea-la-ultima-oportunidad","status":"publish","type":"post","link":"https:\/\/www.salvadormanjon.com\/index.php\/2018\/01\/17\/puede-que-sea-la-ultima-oportunidad\/","title":{"rendered":"Puede que sea la \u00faltima oportunidad"},"content":{"rendered":"<p>Para bien o para mal, nuestro futuro, el de todo el sector vitivin\u00edcola, depende en buena medida de Europa y m\u00e1s concretamente de los fondos que desde all\u00ed nos llegan. Gracias a ellos reconvertimos y reestructuramos nuestro vi\u00f1edo (72,5 M\u20ac), realizamos campa\u00f1as de promoci\u00f3n en terceros pa\u00edses (50 M\u20ac), destilamos los subproductos (31,8 M\u20ac), invertimos en nuestras bodegas (56 M\u20ac) y en el nuevo PASVE 2019-23, reci\u00e9n aprobado por el Ministerio, tambi\u00e9n se abre la posibilidad de que de los 210,3 M\u20ac una parte pueda ir destinada a la vendimia en verde.<\/p>\n<p>Cifras que apenas difieren de los pagos realizados en el Programa de Apoyo del 2016 por un importe total de 212,456 M\u20ac y en el que la reestructuraci\u00f3n concentr\u00f3 el 35,29%, las inversiones el 27,02%, la promoci\u00f3n el 23,37%y la destilaci\u00f3n de subproductos el 14,31%.<\/p>\n<p>La novedad del plan 2019-23 no reside tanto en el importe o las medidas de aplicaci\u00f3n, que tal y como hemos visto apenas difieren de las utilizadas en los anteriores, como de las grandes incertidumbres que se ciernen sobre el presupuesto comunitario y sus posibles repercusiones en la Pol\u00edtica Agraria Com\u00fan (PAC) de la que dependen estos planes.<\/p>\n<p>Una salida de la UE del Reino Unido efectiva en marzo del 2019, con el consiguiente quebranto econ\u00f3mico que supone la p\u00e9rdida de entre doce mil y catorce mil millones de euros de contribuci\u00f3n neta que representa. Junto con voluntad de modificar las pol\u00edticas sobre refugiados, defensa, exteriores, empleo, j\u00f3venes, cambio clim\u00e1tico, etc. hacen que solo para los dos primeros a\u00f1os 2019 y 2020 est\u00e9n garantizados los fondos, mientras que para los tres restantes el Marco Financiero Plurianual pudiera sufrir como consecuencias una rebaja de esta cantidad.<\/p>\n<p>Esta situaci\u00f3n, la de rebajar sustancialmente los fondos que nos llegan de la Uni\u00f3n Europea, por m\u00e1s anunciada que est\u00e9 siendo, llegar\u00e1 y debemos estar preparados para ese momento. El sector vitivin\u00edcola espa\u00f1ol est\u00e1 dedicando la parte m\u00e1s importante de los planes comunitarios a adecuar nuestros vi\u00f1edos a las variedades y tipolog\u00edas de vinos que demandan los consumidores con el fin de poder disponer de unos productos competitivos. Los resultados comienzan a resultar incontestables viendo la evoluci\u00f3n de nuestras exportaciones. Confiemos que en estos a\u00f1os en los que todav\u00eda contemos con ayuda con la que hacerlo, seamos capaces de que esa competitividad se vea reflejada tambi\u00e9n en la rentabilidad de nuestros viticultores gracias a un precio que se aproxime m\u00e1s al valor de nuestros productos.<\/p>\n","protected":false},"excerpt":{"rendered":"<p>Para bien o para mal, nuestro futuro, el de todo el sector vitivin\u00edcola, depende en buena medida de Europa y m\u00e1s concretamente de los fondos que desde all\u00ed nos llegan. Gracias a ellos reconvertimos y reestructuramos nuestro vi\u00f1edo (72,5 M\u20ac), realizamos campa\u00f1as de promoci\u00f3n en terceros pa\u00edses (50 M\u20ac), destilamos los subproductos (31,8 M\u20ac), invertimos [&hellip;]<\/p>\n","protected":false},"author":1,"featured_media":1532,"comment_status":"open","ping_status":"closed","sticky":false,"template":"","format":"standard","meta":{"footnotes":""},"categories":[3],"tags":[],"class_list":["post-1531","post","type-post","status-publish","format-standard","has-post-thumbnail","hentry","category-impresiones"],"_links":{"self":[{"href":"https:\/\/www.salvadormanjon.com\/index.php\/wp-json\/wp\/v2\/posts\/1531","targetHints":{"allow":["GET"]}}],"collection":[{"href":"https:\/\/www.salvadormanjon.com\/index.php\/wp-json\/wp\/v2\/posts"}],"about":[{"href":"https:\/\/www.salvadormanjon.com\/index.php\/wp-json\/wp\/v2\/types\/post"}],"author":[{"embeddable":true,"href":"https:\/\/www.salvadormanjon.com\/index.php\/wp-json\/wp\/v2\/users\/1"}],"replies":[{"embeddable":true,"href":"https:\/\/www.salvadormanjon.com\/index.php\/wp-json\/wp\/v2\/comments?post=1531"}],"version-history":[{"count":0,"href":"https:\/\/www.salvadormanjon.com\/index.php\/wp-json\/wp\/v2\/posts\/1531\/revisions"}],"wp:featuredmedia":[{"embeddable":true,"href":"https:\/\/www.salvadormanjon.com\/index.php\/wp-json\/"}],"wp:attachment":[{"href":"https:\/\/www.salvadormanjon.com\/index.php\/wp-json\/wp\/v2\/media?parent=1531"}],"wp:term":[{"taxonomy":"category","embeddable":true,"href":"https:\/\/www.salvadormanjon.com\/index.php\/wp-json\/wp\/v2\/categories?post=1531"},{"taxonomy":"post_tag","embeddable":true,"href":"https:\/\/www.salvadormanjon.com\/index.php\/wp-json\/wp\/v2\/tags?post=1531"}],"curies":[{"name":"wp","href":"https:\/\/api.w.org\/{rel}","templated":true}]}}