{"id":1593,"date":"2018-05-23T14:01:59","date_gmt":"2018-05-23T12:01:59","guid":{"rendered":"http:\/\/www.salvadormanjon.com\/?p=1593"},"modified":"2018-05-23T14:01:59","modified_gmt":"2018-05-23T12:01:59","slug":"todos-en-el-mismo-saco","status":"publish","type":"post","link":"https:\/\/www.salvadormanjon.com\/index.php\/2018\/05\/23\/todos-en-el-mismo-saco\/","title":{"rendered":"Todos en el mismo saco"},"content":{"rendered":"<p>Es muy posible que el consumo abusivo de alcohol durante los fines de semana sea uno de los mayores problemas a los que se enfrenta la sociedad de este siglo. Y aunque no se trata de un problema exclusivo de Espa\u00f1a, s\u00ed que es de especial gravedad en nuestro pa\u00eds; donde es frecuente encontrarse los fines de semana grupo de j\u00f3venes en plazas y descampados con el \u00fanico objetivo de consumir alcohol de la forma m\u00e1s r\u00e1pida posible hasta alcanzar un nivel et\u00edlico en sangre elevado.<\/p>\n<p>Dicho esto y desde el m\u00e1s escrupuloso respeto hacia cualquier medida que vaya encaminada a poner fin a esta pr\u00e1ctica, no parece que las medidas coercitivas que plantea la Ponencia aprobada por la Comisi\u00f3n mixta Congreso-Senado en el Estudio \u201cMenores sin alcohol\u201d, puedan considerarse una herramienta v\u00e1lida para atajarlo de manera efectiva.<\/p>\n<p>Una de las caracter\u00edsticas que mejor define a los j\u00f3venes es la rebeld\u00eda y la oposici\u00f3n a las normas, con un claro dominio de los ideales ante las ideas establecidas. Siendo este posicionamiento ante la vida, aunque esto reconozco que es solo una opini\u00f3n muy personal, precisamente una de las razones que ha llevado a que los j\u00f3venes de entre 14 y 20 a\u00f1os, franja en la que se encuentra el grueso de los que se ven afectados por el problema de este abuso de alcohol de fin de semana, no consuman vino al verlo como una bebida de \u201cviejos\u201d. Con el inconveniente a\u00f1adido de su \u201cbaja\u201d graduaci\u00f3n alcoh\u00f3lica, lo que les impide alcanzar su principal objetivo: \u201cponerse pedo\u201d (perd\u00f3n) lo m\u00e1s r\u00e1pidamente posible.<\/p>\n<p>No voy a ser tan ingenuo como para negar que tambi\u00e9n el \u201ccalimocho\u201d (Coca-Cola con vino) es una bebida consumida en los botellones, pero su incidencia es apenas anecd\u00f3tica entre los j\u00f3venes. Tampoco que los mensajes de autorregulaci\u00f3n o aquellos que hacen referencia a un consumo moderado e inteligente, apenas tienen efecto en esta franja de edad. Incluso puedo llegar a entender que sean necesarias medidas severas con las que desincentivar estas pr\u00e1cticas. Lo que no ha impedido que el propio sector se haya mostrado sensible ante este problema social, adoptando medidas de autorregulaci\u00f3n e iniciativas encaminadas hacia un consumo moderado. Cualquiera de este sector har\u00eda suyas las palabras que expresa el informe sobre \u201cque cualquier consumo de alcohol en menores de edad debe ser considerado como un consumo de riesgo en s\u00ed mismo\u201d; o incluso aquel otro p\u00e1rrafo en el que hace alusi\u00f3n a que \u201chablamos de la conveniencia, por su funci\u00f3n educativa para el conjunto de la sociedad, y efectiva para los menores, de una norma b\u00e1sica que en materia de salud p\u00fablica regule las medidas necesarias para ofrecer el soporte y la cobertura normativa a las intervenciones educativas, preventivas y asistenciales para proteger a los menores de edad de los da\u00f1os que produce el consumo de bebidas alcoh\u00f3licas\u201d, comprometi\u00e9ndose con su objetivo de \u201cretrasar la edad de inicio en el consumo hasta los 18 a\u00f1os e incrementar la percepci\u00f3n social del riesgo de dicho consumo\u201d.<\/p>\n<p>El problema est\u00e1 en c\u00f3mo hacerlo y qu\u00e9 medidas adoptar para conseguirlo. Pues si bien reconoce el propio informe que uno de sus objetivos prioritarios debe ser el de \u201ccontribuir a un cambio cultural que reduzca los consumos de riesgo en la sociedad espa\u00f1ola, para lo cual debe tener una orientaci\u00f3n educativa fundamentalmente\u201d, tambi\u00e9n recomienda la revisi\u00f3n de los impuestos especiales estableci\u00e9ndolos en relaci\u00f3n al alcohol puro que se contenga.<\/p>\n<p>La complicidad del sector vitivin\u00edcola es total y absoluta en este tema con la Administraci\u00f3n, siendo total su disposici\u00f3n a buscar medidas adecuadas para atajar este grave problema. Confiemos en que nuestra clase pol\u00edtica tenga la misma sensibilidad hacia un sector que est\u00e1 muy por encima del efecto negativo que tiene su contenido alcoh\u00f3lico y encuentre la mejor forma de colaboraci\u00f3n.<\/p>\n","protected":false},"excerpt":{"rendered":"<p>Es muy posible que el consumo abusivo de alcohol durante los fines de semana sea uno de los mayores problemas a los que se enfrenta la sociedad de este siglo. Y aunque no se trata de un problema exclusivo de Espa\u00f1a, s\u00ed que es de especial gravedad en nuestro pa\u00eds; donde es frecuente encontrarse los [&hellip;]<\/p>\n","protected":false},"author":1,"featured_media":1594,"comment_status":"open","ping_status":"closed","sticky":false,"template":"","format":"standard","meta":{"footnotes":""},"categories":[3],"tags":[],"class_list":["post-1593","post","type-post","status-publish","format-standard","has-post-thumbnail","hentry","category-impresiones"],"_links":{"self":[{"href":"https:\/\/www.salvadormanjon.com\/index.php\/wp-json\/wp\/v2\/posts\/1593","targetHints":{"allow":["GET"]}}],"collection":[{"href":"https:\/\/www.salvadormanjon.com\/index.php\/wp-json\/wp\/v2\/posts"}],"about":[{"href":"https:\/\/www.salvadormanjon.com\/index.php\/wp-json\/wp\/v2\/types\/post"}],"author":[{"embeddable":true,"href":"https:\/\/www.salvadormanjon.com\/index.php\/wp-json\/wp\/v2\/users\/1"}],"replies":[{"embeddable":true,"href":"https:\/\/www.salvadormanjon.com\/index.php\/wp-json\/wp\/v2\/comments?post=1593"}],"version-history":[{"count":0,"href":"https:\/\/www.salvadormanjon.com\/index.php\/wp-json\/wp\/v2\/posts\/1593\/revisions"}],"wp:featuredmedia":[{"embeddable":true,"href":"https:\/\/www.salvadormanjon.com\/index.php\/wp-json\/"}],"wp:attachment":[{"href":"https:\/\/www.salvadormanjon.com\/index.php\/wp-json\/wp\/v2\/media?parent=1593"}],"wp:term":[{"taxonomy":"category","embeddable":true,"href":"https:\/\/www.salvadormanjon.com\/index.php\/wp-json\/wp\/v2\/categories?post=1593"},{"taxonomy":"post_tag","embeddable":true,"href":"https:\/\/www.salvadormanjon.com\/index.php\/wp-json\/wp\/v2\/tags?post=1593"}],"curies":[{"name":"wp","href":"https:\/\/api.w.org\/{rel}","templated":true}]}}