{"id":1600,"date":"2018-06-08T09:50:45","date_gmt":"2018-06-08T07:50:45","guid":{"rendered":"http:\/\/www.salvadormanjon.com\/?p=1600"},"modified":"2018-06-08T09:50:45","modified_gmt":"2018-06-08T07:50:45","slug":"mapa-mapama-magrama","status":"publish","type":"post","link":"https:\/\/www.salvadormanjon.com\/index.php\/2018\/06\/08\/mapa-mapama-magrama\/","title":{"rendered":"\u00bfMapa, Mapama, Magrama,&#8230;?"},"content":{"rendered":"<p>Con todo lo importante que pueda resultar conocer que Luis Planas es el nuevo ministro de Agricultura; mucho m\u00e1s relevante ser\u00e1 conocer la estructura del pr\u00f3ximo Gobierno. Ya que la separaci\u00f3n del Medio Ambiente parece un hecho, la gesti\u00f3n del Agua, supuestamente se ir\u00e1 con \u00e9l, y no sabemos muy bien qu\u00e9 pasar\u00e1 con la Alimentaci\u00f3n. Por lo que el peso de esta cartera se ver\u00e1 fuertemente aligerado.<\/p>\n<p>Aunque mucho m\u00e1s trascendente para el sector vitivin\u00edcola que sus competencias, ser\u00e1 conocer la sensibilidad que tiene hacia el vino. La experiencia de otros Ejecutivos socialistas nos hace pensar que no siempre ha existido esa sensibilidad y aunque una buena parte de las decisiones que nos afecten vengan impuestas desde Bruselas, son muchas las decisiones que el Gobierno nacional debe tomar y mucho lo que nos puede complicar las cosas.<\/p>\n<p>Sin duda, la pr\u00f3xima ley de menores y el consumo de alcohol, o la modificaci\u00f3n de la carga impositiva al vino y al sector, ser\u00e1n temas fundamentales a los que, de una u otra manera, deber\u00e1 hacer frente. La defensa en Bruselas de la PAC y con ella los Planes de Apoyo al Sector Vitivin\u00edcola para todo el cuatrienio, otro asunto nada balad\u00ed. Incluso la pr\u00f3xima elecci\u00f3n del director de la Organizaci\u00f3n Internacional de la Vi\u00f1a y el Vino (OIV) a la que, por primera vez en la historia aspiramos con serias posibilidades, podr\u00eda verse afectada a menos de un mes de que se produzca su elecci\u00f3n.<\/p>\n<p>Contar con un Ejecutivo en cuya pol\u00edtica progresiva y social encaje el Vino es un asunto que en las pr\u00f3ximas horas tendremos la ocasi\u00f3n de ir intuyendo y en los pr\u00f3ximos d\u00edas podremos hacernos una idea mucho m\u00e1s precisa con el nombramiento del segundo y tercer escal\u00f3n del Ministerio.<\/p>\n<p>Entre tanto, la climatolog\u00eda, o las lluvias y el granizo deber\u00edamos decir porque llevamos m\u00e1s de un mes en el que solo han habido dos d\u00edas en los que no se han producido alguno de estos episodios en alg\u00fan punto de nuestra geograf\u00eda; es el tema que m\u00e1s preocupa. Superado ese primer episodio de los meses oto\u00f1ales en los que la ausencia generalizada de lluvias hac\u00eda tener un a\u00f1o hidrol\u00f3gico nefasto y muy preocupante para las propias necesidades de consumo humano. Ahora la preocupaci\u00f3n est\u00e1 en que no ha dejado de caer agua, y en las \u00faltimas semanas de manera torrencial. Situaci\u00f3n que, al margen de inundaciones ante la cantidad ca\u00edda en espacios de tiempo muy cortos, est\u00e1 generando una enorme preocupaci\u00f3n entre nuestros viticultores ante el excelente caldo de cultivo que ello resulta para la proliferaci\u00f3n de enfermedades criptog\u00e1micas, especialmente mildiu.<\/p>\n<p>Y es que, a diferencia de los granizos, que se dice ni quitan ni dan cosecha, las enfermedades pueden llegar a suponer un serio problema m\u00e1s all\u00e1 de lo que ya en s\u00ed suponen de gastos los tratamientos con los que hacerles frente; ya que episodios constantes de lluvias suponen tener que repetirlos.<\/p>\n<p>Esta situaci\u00f3n tambi\u00e9n est\u00e1 siendo aprovechada por el mercado, donde las cotizaciones est\u00e1n m\u00e1s o menos contenidas, m\u00e1s en tintos que en blancos, ante la imposibilidad de concretar cu\u00e1les ser\u00e1n los efectos que acaben teniendo en la pr\u00f3xima cosecha. De momento parece que todo indica que los efectos de la climatolog\u00eda ser\u00e1n muy positivos, manej\u00e1ndose estimaciones de cosecha claramente por encima de las del pasado a\u00f1o, y de una buena calidad.<\/p>\n","protected":false},"excerpt":{"rendered":"<p>Con todo lo importante que pueda resultar conocer que Luis Planas es el nuevo ministro de Agricultura; mucho m\u00e1s relevante ser\u00e1 conocer la estructura del pr\u00f3ximo Gobierno. Ya que la separaci\u00f3n del Medio Ambiente parece un hecho, la gesti\u00f3n del Agua, supuestamente se ir\u00e1 con \u00e9l, y no sabemos muy bien qu\u00e9 pasar\u00e1 con la [&hellip;]<\/p>\n","protected":false},"author":1,"featured_media":1601,"comment_status":"open","ping_status":"closed","sticky":false,"template":"","format":"standard","meta":{"footnotes":""},"categories":[3],"tags":[],"class_list":["post-1600","post","type-post","status-publish","format-standard","has-post-thumbnail","hentry","category-impresiones"],"_links":{"self":[{"href":"https:\/\/www.salvadormanjon.com\/index.php\/wp-json\/wp\/v2\/posts\/1600","targetHints":{"allow":["GET"]}}],"collection":[{"href":"https:\/\/www.salvadormanjon.com\/index.php\/wp-json\/wp\/v2\/posts"}],"about":[{"href":"https:\/\/www.salvadormanjon.com\/index.php\/wp-json\/wp\/v2\/types\/post"}],"author":[{"embeddable":true,"href":"https:\/\/www.salvadormanjon.com\/index.php\/wp-json\/wp\/v2\/users\/1"}],"replies":[{"embeddable":true,"href":"https:\/\/www.salvadormanjon.com\/index.php\/wp-json\/wp\/v2\/comments?post=1600"}],"version-history":[{"count":0,"href":"https:\/\/www.salvadormanjon.com\/index.php\/wp-json\/wp\/v2\/posts\/1600\/revisions"}],"wp:featuredmedia":[{"embeddable":true,"href":"https:\/\/www.salvadormanjon.com\/index.php\/wp-json\/"}],"wp:attachment":[{"href":"https:\/\/www.salvadormanjon.com\/index.php\/wp-json\/wp\/v2\/media?parent=1600"}],"wp:term":[{"taxonomy":"category","embeddable":true,"href":"https:\/\/www.salvadormanjon.com\/index.php\/wp-json\/wp\/v2\/categories?post=1600"},{"taxonomy":"post_tag","embeddable":true,"href":"https:\/\/www.salvadormanjon.com\/index.php\/wp-json\/wp\/v2\/tags?post=1600"}],"curies":[{"name":"wp","href":"https:\/\/api.w.org\/{rel}","templated":true}]}}