{"id":1626,"date":"2018-07-25T09:17:08","date_gmt":"2018-07-25T07:17:08","guid":{"rendered":"http:\/\/www.salvadormanjon.com\/?p=1626"},"modified":"2018-07-25T09:17:08","modified_gmt":"2018-07-25T07:17:08","slug":"con-mucha-lentitud","status":"publish","type":"post","link":"https:\/\/www.salvadormanjon.com\/index.php\/2018\/07\/25\/con-mucha-lentitud\/","title":{"rendered":"Con mucha lentitud"},"content":{"rendered":"<p>A diferencia de lo sucedido en campa\u00f1as anteriores, donde el adelanto sobre las fechas \u201ctradicionales\u201d era la nota m\u00e1s generalizada en la vendimia. Este a\u00f1o parece que volvemos sobre nuestros pasos y recuperamos las fechas que hab\u00edan venido siendo las habituales. Con una evoluci\u00f3n que puede considerarse m\u00e1s que correcta en la inmensa mayor\u00eda de las regiones y en las que las estimaciones, hasta ahora formuladas, se\u00f1alan un claro aumento de la producci\u00f3n.<\/p>\n<p>\u00bfHasta d\u00f3nde puede llegar este aumento? Esa es la gran pregunta sobre la que nadie se atreve (o quiere) pronunciarse. El potencial de producci\u00f3n, con la incorporaci\u00f3n de las campa\u00f1as reestructuradas, es incuestionable que ha crecido de manera importante. Los cincuenta millones de hectolitros son una cosecha que est\u00e1 ah\u00ed y que en una campa\u00f1a u otra acabaremos alcanzando sin m\u00e1s excepcionalidad que la propia de la naturaleza. Ahora bien, si ser\u00e1 esta en la que nos tengamos que enfrentar a superar la barrera de los cincuenta o tendremos que esperar alg\u00fan otro a\u00f1o es una cuesti\u00f3n sobre la que, de momento, no podemos concretar.<\/p>\n<p>Los constantes episodios de lluvias, as\u00ed como las continuadas granizadas, tampoco parecen que vayan a acabar teniendo un efecto muy importante en la cosecha. Ya que la calidad del fruto es muy buena y las hect\u00e1reas afectadas por la piedra, reducidas.<\/p>\n<p>Y bajo este panorama, las bodegas van cerrando por vacaciones unos d\u00edas y preparando sus instalaciones para d\u00edas fren\u00e9ticos y previsiblemente cargados de tensi\u00f3n, por un tema que sigue siendo una de las m\u00e1s importantes asignaturas que viticultores y productores tiene por resolver. Y que no es otra que la de dotarle de una cierta continuidad a la pol\u00edtica de precios que asegure la estabilidad exigida por el consumidor, las fluctuaciones muy estrechas que impone la distribuci\u00f3n y la subsistencia que demandan los viticultores.<\/p>\n<p>Una proyecci\u00f3n que, en cierto modo, tiene mucho que ver con el peso de nuestro pa\u00eds en el \u00e1mbito internacional vitivin\u00edcola y del que hemos tenido ocasi\u00f3n de comprobar su escaso nivel en los d\u00edas pasados con varios episodios de naturaleza bien distinta.<\/p>\n<p>El primero y m\u00e1s noticiado podr\u00eda ser lo sucedido con Francia y nuestro rosado, asunto ante el que hemos tenido que salir a defendernos \u00a1como si fu\u00e9ramos nosotros los acusados!, cuando en realidad lo que somos es las v\u00edctimas, al utilizarnos (nuestro vino) para beneficiarse otros enga\u00f1ando al consumidor.<\/p>\n<p>Pero en mi opini\u00f3n no ha sido el episodio m\u00e1s importante. Pues aunque medi\u00e1ticamente es mucho menos relevante y as\u00ed ha sido tratado por la prensa, en general, pero tambi\u00e9n la especializada. Lo sucedido en la OIV merece un comentario aparte. Ya que si bien las cifras de superficie, producci\u00f3n e incluso contribuci\u00f3n a este organismo internacional, evidencian que Espa\u00f1a es una gran potencia mundial vitivin\u00edcola, su peso en esta organizaci\u00f3n podr\u00edamos calificarlo hist\u00f3ricamente de \u201cmediocre\u201d, pero actualmente de \u201cinadmisible\u201d.<\/p>\n<p>Actualmente contamos con un solo representante, Vicente Sot\u00e9s, como vicepresidente, a menos de un a\u00f1o de ser relevado. Y los nombramientos que se est\u00e1n produciendo de cara al pr\u00f3ximo mandato amenazan con dejarnos fuera de su estructura. Lo sucedido en las elecciones que tuvieron lugar a principios de este mes para elegir el nuevo director general, con Pau Roca, nuestro representante, es algo que resulta totalmente inaceptable. Y que va mucho m\u00e1s all\u00e1 de personas, suponiendo un claro menosprecio a nuestra naci\u00f3n como pa\u00eds relevante en el \u00e1mbito vitivin\u00edcola. Tenemos hasta el 19 de septiembre. Fecha en la que se intentar\u00e1 desbloquear la situaci\u00f3n actual en la que ninguno de los dos candidatos (Espa\u00f1a y Nueva Zelanda) hayan alcanzado los 2\/3 de votos necesarios. Confiemos en nuestros Ministerios sepan ver la importancia del asunto y trabajen en ello como merecemos.<\/p>\n","protected":false},"excerpt":{"rendered":"<p>A diferencia de lo sucedido en campa\u00f1as anteriores, donde el adelanto sobre las fechas \u201ctradicionales\u201d era la nota m\u00e1s generalizada en la vendimia. Este a\u00f1o parece que volvemos sobre nuestros pasos y recuperamos las fechas que hab\u00edan venido siendo las habituales. Con una evoluci\u00f3n que puede considerarse m\u00e1s que correcta en la inmensa mayor\u00eda de [&hellip;]<\/p>\n","protected":false},"author":1,"featured_media":1627,"comment_status":"open","ping_status":"closed","sticky":false,"template":"","format":"standard","meta":{"footnotes":""},"categories":[3],"tags":[],"class_list":["post-1626","post","type-post","status-publish","format-standard","has-post-thumbnail","hentry","category-impresiones"],"_links":{"self":[{"href":"https:\/\/www.salvadormanjon.com\/index.php\/wp-json\/wp\/v2\/posts\/1626","targetHints":{"allow":["GET"]}}],"collection":[{"href":"https:\/\/www.salvadormanjon.com\/index.php\/wp-json\/wp\/v2\/posts"}],"about":[{"href":"https:\/\/www.salvadormanjon.com\/index.php\/wp-json\/wp\/v2\/types\/post"}],"author":[{"embeddable":true,"href":"https:\/\/www.salvadormanjon.com\/index.php\/wp-json\/wp\/v2\/users\/1"}],"replies":[{"embeddable":true,"href":"https:\/\/www.salvadormanjon.com\/index.php\/wp-json\/wp\/v2\/comments?post=1626"}],"version-history":[{"count":0,"href":"https:\/\/www.salvadormanjon.com\/index.php\/wp-json\/wp\/v2\/posts\/1626\/revisions"}],"wp:featuredmedia":[{"embeddable":true,"href":"https:\/\/www.salvadormanjon.com\/index.php\/wp-json\/"}],"wp:attachment":[{"href":"https:\/\/www.salvadormanjon.com\/index.php\/wp-json\/wp\/v2\/media?parent=1626"}],"wp:term":[{"taxonomy":"category","embeddable":true,"href":"https:\/\/www.salvadormanjon.com\/index.php\/wp-json\/wp\/v2\/categories?post=1626"},{"taxonomy":"post_tag","embeddable":true,"href":"https:\/\/www.salvadormanjon.com\/index.php\/wp-json\/wp\/v2\/tags?post=1626"}],"curies":[{"name":"wp","href":"https:\/\/api.w.org\/{rel}","templated":true}]}}