{"id":1643,"date":"2018-09-05T09:52:59","date_gmt":"2018-09-05T07:52:59","guid":{"rendered":"http:\/\/www.salvadormanjon.com\/?p=1643"},"modified":"2018-09-05T09:52:59","modified_gmt":"2018-09-05T07:52:59","slug":"evolucion-de-las-vendimias-10","status":"publish","type":"post","link":"https:\/\/www.salvadormanjon.com\/index.php\/2018\/09\/05\/evolucion-de-las-vendimias-10\/","title":{"rendered":"Evoluci\u00f3n de las vendimias"},"content":{"rendered":"<p>La mejor noticia que podr\u00edamos dar respecto a las vendimias en Espa\u00f1a es, precisamente, la falta de ellas. O, para ser m\u00e1s exactos, la ausencia de novedades destacables. Pues si bien la informaci\u00f3n que existe de las vendimias es mucha y muy variada, sus datos de estimaciones de producci\u00f3n y precios de las uvas, apenas aportan m\u00e1s novedad que la de mantener unas magn\u00edficas estimaciones de cosecha.<\/p>\n<p>Las lluvias, especialmente tormentas acompa\u00f1adas de aparato el\u00e9ctrico est\u00e1n siendo habituales en el tercio norte y levantino y, aunque en alg\u00fan caso, han ido de la mano de episodios de granizo, podr\u00edamos concluir que sus consecuencias sobre la vendimia apenas resultan rese\u00f1ables a nivel global y sus efectos pudieran incluso suponer una buena noticia de cara a aumentar la producci\u00f3n.<\/p>\n<p>Especialmente dado el retraso sobre las fechas de inicio de la vendimia respecto a las del a\u00f1o pasado, de entre diez y quince d\u00edas, que se confirma. Curioso, por otro lado, la forma en la que desde mucha gente del sector se refieren a las fechas, asumiendo como \u201cnormales\u201d las de a\u00f1os pasados y olvidando que entonces fueron calificadas como un adelanto sustancial sobre las que hasta entonces eran calificadas como tales.<\/p>\n<p>De cualquier forma, lo m\u00e1s destacable sigue siendo lo sucedido con los precios de las uvas, o mejor dicho, lo no sucedido. Porque las grandes bodegas, a pesar de haber anunciado que har\u00e1n grandes esfuerzos por mantener las cotizaciones de la pasada campa\u00f1a, ninguna de ellas ha hecho p\u00fablicos de manera oficial los precios y condiciones generales a los que adquirir\u00e1n la uva de esta vendimia.<\/p>\n<p>Posiblemente sea el pr\u00f3ximo lunes d\u00eda 10 cuando se conozca por parte de alguna de las grandes bodegas los precios con los que abren. Estaremos expectantes y les mantendremos informados.<\/p>\n","protected":false},"excerpt":{"rendered":"<p>La mejor noticia que podr\u00edamos dar respecto a las vendimias en Espa\u00f1a es, precisamente, la falta de ellas. O, para ser m\u00e1s exactos, la ausencia de novedades destacables. Pues si bien la informaci\u00f3n que existe de las vendimias es mucha y muy variada, sus datos de estimaciones de producci\u00f3n y precios de las uvas, apenas [&hellip;]<\/p>\n","protected":false},"author":1,"featured_media":1644,"comment_status":"open","ping_status":"closed","sticky":false,"template":"","format":"standard","meta":{"footnotes":""},"categories":[6],"tags":[],"class_list":["post-1643","post","type-post","status-publish","format-standard","has-post-thumbnail","hentry","category-vendimia"],"_links":{"self":[{"href":"https:\/\/www.salvadormanjon.com\/index.php\/wp-json\/wp\/v2\/posts\/1643","targetHints":{"allow":["GET"]}}],"collection":[{"href":"https:\/\/www.salvadormanjon.com\/index.php\/wp-json\/wp\/v2\/posts"}],"about":[{"href":"https:\/\/www.salvadormanjon.com\/index.php\/wp-json\/wp\/v2\/types\/post"}],"author":[{"embeddable":true,"href":"https:\/\/www.salvadormanjon.com\/index.php\/wp-json\/wp\/v2\/users\/1"}],"replies":[{"embeddable":true,"href":"https:\/\/www.salvadormanjon.com\/index.php\/wp-json\/wp\/v2\/comments?post=1643"}],"version-history":[{"count":0,"href":"https:\/\/www.salvadormanjon.com\/index.php\/wp-json\/wp\/v2\/posts\/1643\/revisions"}],"wp:featuredmedia":[{"embeddable":true,"href":"https:\/\/www.salvadormanjon.com\/index.php\/wp-json\/"}],"wp:attachment":[{"href":"https:\/\/www.salvadormanjon.com\/index.php\/wp-json\/wp\/v2\/media?parent=1643"}],"wp:term":[{"taxonomy":"category","embeddable":true,"href":"https:\/\/www.salvadormanjon.com\/index.php\/wp-json\/wp\/v2\/categories?post=1643"},{"taxonomy":"post_tag","embeddable":true,"href":"https:\/\/www.salvadormanjon.com\/index.php\/wp-json\/wp\/v2\/tags?post=1643"}],"curies":[{"name":"wp","href":"https:\/\/api.w.org\/{rel}","templated":true}]}}