{"id":1807,"date":"2019-02-14T09:59:59","date_gmt":"2019-02-14T07:59:59","guid":{"rendered":"http:\/\/www.salvadormanjon.com\/?p=1807"},"modified":"2019-02-14T09:59:59","modified_gmt":"2019-02-14T07:59:59","slug":"no-temer-al-futuro","status":"publish","type":"post","link":"https:\/\/www.salvadormanjon.com\/index.php\/2019\/02\/14\/no-temer-al-futuro\/","title":{"rendered":"No temer al futuro"},"content":{"rendered":"<p>\u201cNo temer al futuro\u201d. \u00a1Qu\u00e9 bonita frase! Tan f\u00e1cil de decir y dif\u00edcil de soportar cuando la rentabilidad de nuestra actividad hace peligrar la misma supervivencia de la empresa.<\/p>\n<p>Phil Hogan, comisario europeo de Agricultura y Desarrollo Rural, en su reciente visita a la Comunidad Aut\u00f3noma de La Rioja, intentaba calmar al sector vitivin\u00edcola arengando a sus bodegas a confiar en la gran calidad de sus productos y las grandes oportunidades que se les presentan. Y todo para intentar justificar las escasas posibilidades existentes de que la liberalizaci\u00f3n de las plantaciones de vi\u00f1edo no sea una realidad una vez vencido el plazo del 2030 establecido en la OCM.<\/p>\n<p>La aceptaci\u00f3n de una propuesta presentada en el Parlamento Europeo por Esther Herranz solicitando que el r\u00e9gimen de autorizaciones de plantaci\u00f3n de vi\u00f1edo se prorrogue hasta el 2050, pero especialmente las declaraciones del comisario Hogan indicando que esta ampliaci\u00f3n forma parte de las negociaciones de la reforma de la PAC; han devuelto a la primera p\u00e1gina de actualidad la necesidad de un crecimiento ordenado del vi\u00f1edo.<\/p>\n<p>Cualquier cuesti\u00f3n que tenga que ver con la Uni\u00f3n Europea lleva intr\u00ednseco un alto grado de sorpresa que hace posible cualquier cosa. Pero si se trata de un tema relacionado con la Pol\u00edtica Agraria Com\u00fan esta incertidumbre hace muy posible que lo blanco se convierta en negro en cuesti\u00f3n de segundos.<\/p>\n<p>Tampoco podemos pasar por alto que estamos hablando de una limitaci\u00f3n planteada en una OCM, lo que obliga que para su modificaci\u00f3n sea necesaria la autorizaci\u00f3n del Parlamento Europeo, la Comisi\u00f3n Europea y el Consejo Europeo por unanimidad.<\/p>\n<p>Si atendemos a la actual posici\u00f3n del Parlamento admitiendo la propuesta podr\u00edamos dar como bueno que est\u00e1 por apoyarlo. Igual que la Comisi\u00f3n cuyo comisario declar\u00f3 \u201ces algo que apoyamos\u201d. Y aunque no podemos ni imaginar lo que podr\u00eda pasar con los jefes de Estado; vamos a suponer que evitamos convertirlo en un cromo con el que negociar otros temas y contamos, tambi\u00e9n, con su apoyo. \u00a1Magn\u00edfico! Ya lo tenemos resuelto.<\/p>\n<p>Si no fuera por un peque\u00f1o detalle sin importancia y es que antes de que este tema pueda ser, ni tan siquiera planteado formalmente, el Parlamento y la Comisi\u00f3n habr\u00e1n cambiado, ya que la primera revisi\u00f3n est\u00e1 prevista para el 2023, a los diez a\u00f1os de su entrada en vigor.<\/p>\n<p>As\u00ed es que, mejor qued\u00e9monos con la frase del comisario Hogan de \u201cno temer al futuro\u201d, sigamos trabajando en aprovechar esas grandes oportunidades que se nos presentan y confiemos en que, efectivamente, podamos seguir contando con los Planes de Apoyo al Sector para el periodo 2021-2027. Que est\u00e1 mucho m\u00e1s cercana su negociaci\u00f3n y es mucho m\u00e1s trascendental, ahora mismo, para nuestro sector.<\/p>\n","protected":false},"excerpt":{"rendered":"<p>\u201cNo temer al futuro\u201d. \u00a1Qu\u00e9 bonita frase! Tan f\u00e1cil de decir y dif\u00edcil de soportar cuando la rentabilidad de nuestra actividad hace peligrar la misma supervivencia de la empresa. Phil Hogan, comisario europeo de Agricultura y Desarrollo Rural, en su reciente visita a la Comunidad Aut\u00f3noma de La Rioja, intentaba calmar al sector vitivin\u00edcola arengando [&hellip;]<\/p>\n","protected":false},"author":1,"featured_media":1808,"comment_status":"open","ping_status":"closed","sticky":false,"template":"","format":"standard","meta":{"footnotes":""},"categories":[3],"tags":[],"class_list":["post-1807","post","type-post","status-publish","format-standard","has-post-thumbnail","hentry","category-impresiones"],"_links":{"self":[{"href":"https:\/\/www.salvadormanjon.com\/index.php\/wp-json\/wp\/v2\/posts\/1807","targetHints":{"allow":["GET"]}}],"collection":[{"href":"https:\/\/www.salvadormanjon.com\/index.php\/wp-json\/wp\/v2\/posts"}],"about":[{"href":"https:\/\/www.salvadormanjon.com\/index.php\/wp-json\/wp\/v2\/types\/post"}],"author":[{"embeddable":true,"href":"https:\/\/www.salvadormanjon.com\/index.php\/wp-json\/wp\/v2\/users\/1"}],"replies":[{"embeddable":true,"href":"https:\/\/www.salvadormanjon.com\/index.php\/wp-json\/wp\/v2\/comments?post=1807"}],"version-history":[{"count":0,"href":"https:\/\/www.salvadormanjon.com\/index.php\/wp-json\/wp\/v2\/posts\/1807\/revisions"}],"wp:featuredmedia":[{"embeddable":true,"href":"https:\/\/www.salvadormanjon.com\/index.php\/wp-json\/"}],"wp:attachment":[{"href":"https:\/\/www.salvadormanjon.com\/index.php\/wp-json\/wp\/v2\/media?parent=1807"}],"wp:term":[{"taxonomy":"category","embeddable":true,"href":"https:\/\/www.salvadormanjon.com\/index.php\/wp-json\/wp\/v2\/categories?post=1807"},{"taxonomy":"post_tag","embeddable":true,"href":"https:\/\/www.salvadormanjon.com\/index.php\/wp-json\/wp\/v2\/tags?post=1807"}],"curies":[{"name":"wp","href":"https:\/\/api.w.org\/{rel}","templated":true}]}}