{"id":1871,"date":"2019-06-13T12:23:44","date_gmt":"2019-06-13T10:23:44","guid":{"rendered":"http:\/\/www.salvadormanjon.com\/?p=1871"},"modified":"2019-06-13T12:23:44","modified_gmt":"2019-06-13T10:23:44","slug":"semanas-de-tramite","status":"publish","type":"post","link":"https:\/\/www.salvadormanjon.com\/index.php\/2019\/06\/13\/semanas-de-tramite\/","title":{"rendered":"Semanas de tr\u00e1mite"},"content":{"rendered":"<p>En un mercado dominado por la paralizaci\u00f3n y en el que el paso de los d\u00edas pesa como una losa sobre las esperanzas de los productores, que ven acercarse las vendimias con unas existencias de 45,3 millones de hectolitros (datos Infovi a 30 de abril) muy superiores a las del pasado a\u00f1o (23,1%), cualquier incidencia climatol\u00f3gica es analizada y difundida con mayor inter\u00e9s de lo que merece su importancia. As\u00ed tenemos que, a pesar de encontrarnos en una fase tan incipiente del vi\u00f1edo como pueda ser la floraci\u00f3n, organizaciones agrarias y diferentes colectivos se han apresurado a dar a conocer sus primeras estimaciones. Coincidiendo todas ellas, con independencia del lugar del que se trate, en que nunca se ver\u00e1 superado el volumen de la pasada campa\u00f1a.<\/p>\n<p>Es posible que en todo esto algo haya tenido que ver la ralentizaci\u00f3n que est\u00e1n viviendo nuestras exportaciones, sustento del mercado, y que con datos del primer trimestre se han visto reducidas con respecto al interanual un -10,5% en volumen, qued\u00e1ndose en 20,25 Mhl y un -0,9% en valor dejando el precio medio en 1,42 \u20ac\/litro.<\/p>\n<p>Siendo el bag in box (entre 2 y 10 litros) la \u00fanica categor\u00eda que presenta cifras positivas, con un incremento del 33,2%. Aunque m\u00e1s destacable resulta el comportamiento de los vinos con indicaci\u00f3n de variedad y a\u00f1ada, que crecen un 4,2% en la categor\u00eda de graneles de vino blanco. Especialmente cuando son los vinos sin indicaci\u00f3n de calidad, ni a\u00f1ada los que peor parados salen con retrocesos del 14,8% en envasados y del 17,3% en graneles. Con preocupante ca\u00edda en los vinos con D.O.P., que rompen con su habitual estabilidad y pierden el -10,6% en envasados y el -9,2% en graneles, siendo cava el \u00fanico que presenta un crecimiento del 0,9%.<\/p>\n<p>Situaci\u00f3n que, en mi opini\u00f3n, deber\u00eda hacernos reflexionar sobre la importancia de la puesta en marcha de la nueva extensi\u00f3n de norma que est\u00e1 previsto entre en vigor el pr\u00f3ximo 1 de agosto, encontr\u00e1ndose actualmente en estado de consulta p\u00fablica, y que contempla no solo el mantenimiento de acciones para la promoci\u00f3n del sector en mercados interiores y exteriores, sino tambi\u00e9n acciones encaminadas hacia la vertebraci\u00f3n sectorial, acciones de inteligencia econ\u00f3mica y de estrategia sectorial hacia un entorno estable de los mercados que incluir\u00edan sistemas de autorregulaci\u00f3n.<\/p>\n","protected":false},"excerpt":{"rendered":"<p>En un mercado dominado por la paralizaci\u00f3n y en el que el paso de los d\u00edas pesa como una losa sobre las esperanzas de los productores, que ven acercarse las vendimias con unas existencias de 45,3 millones de hectolitros (datos Infovi a 30 de abril) muy superiores a las del pasado a\u00f1o (23,1%), cualquier incidencia [&hellip;]<\/p>\n","protected":false},"author":1,"featured_media":0,"comment_status":"open","ping_status":"closed","sticky":false,"template":"","format":"standard","meta":{"footnotes":""},"categories":[3],"tags":[],"class_list":["post-1871","post","type-post","status-publish","format-standard","hentry","category-impresiones"],"_links":{"self":[{"href":"https:\/\/www.salvadormanjon.com\/index.php\/wp-json\/wp\/v2\/posts\/1871","targetHints":{"allow":["GET"]}}],"collection":[{"href":"https:\/\/www.salvadormanjon.com\/index.php\/wp-json\/wp\/v2\/posts"}],"about":[{"href":"https:\/\/www.salvadormanjon.com\/index.php\/wp-json\/wp\/v2\/types\/post"}],"author":[{"embeddable":true,"href":"https:\/\/www.salvadormanjon.com\/index.php\/wp-json\/wp\/v2\/users\/1"}],"replies":[{"embeddable":true,"href":"https:\/\/www.salvadormanjon.com\/index.php\/wp-json\/wp\/v2\/comments?post=1871"}],"version-history":[{"count":0,"href":"https:\/\/www.salvadormanjon.com\/index.php\/wp-json\/wp\/v2\/posts\/1871\/revisions"}],"wp:attachment":[{"href":"https:\/\/www.salvadormanjon.com\/index.php\/wp-json\/wp\/v2\/media?parent=1871"}],"wp:term":[{"taxonomy":"category","embeddable":true,"href":"https:\/\/www.salvadormanjon.com\/index.php\/wp-json\/wp\/v2\/categories?post=1871"},{"taxonomy":"post_tag","embeddable":true,"href":"https:\/\/www.salvadormanjon.com\/index.php\/wp-json\/wp\/v2\/tags?post=1871"}],"curies":[{"name":"wp","href":"https:\/\/api.w.org\/{rel}","templated":true}]}}