{"id":1873,"date":"2019-06-19T12:39:15","date_gmt":"2019-06-19T10:39:15","guid":{"rendered":"http:\/\/www.salvadormanjon.com\/?p=1873"},"modified":"2019-06-19T12:39:15","modified_gmt":"2019-06-19T10:39:15","slug":"trump-amenza-al-vino-europeo","status":"publish","type":"post","link":"https:\/\/www.salvadormanjon.com\/index.php\/2019\/06\/19\/trump-amenza-al-vino-europeo\/","title":{"rendered":"Trump amenza al vino europeo"},"content":{"rendered":"<p>Baste con echar una simple mirada a la infograf\u00eda que acabamos de publicar en nuestra web <a href=\"http:\/\/www.sevi.net\">www.sevi.net<\/a> con los datos de exportaci\u00f3n del primer trimestre del a\u00f1o, para comprobar el peso que tiene Estados Unidos. Segundo pa\u00eds en valor, solo por detr\u00e1s de Alemania y con el precio medio por litro m\u00e1s alto 3,37 \u20ac\/l, solo superado por los 4,47 \u20ac\/l de Suiza y muy por encima de los 1,08 al que lo exportamos de media.<\/p>\n<p>Tampoco ser\u00eda necesario estudiar mucho para saber que esto no es fruto de la suerte o que se trata de una situaci\u00f3n coyuntural. El gran esfuerzo que han hecho todas las bodegas de la UE en ese mercado con importantes inversiones en campa\u00f1as para afianzar y aumentar su presencia en el que ya es el primer pa\u00eds del mundo en consumo de vino; comienza a dar sus frutos.<\/p>\n<p>Y es precisamente ese exitoso resultado de las grandes cantidades de dinero y esfuerzo que se ha hecho en estos \u00faltimos a\u00f1os lo que ha llevado a las bodegas californianas a pedirle al \u201cse\u00f1or presidente\u201d que suba sus aranceles a los vinos franceses, actualmente de cinco centavos de d\u00f3lar para los vinos tranquilos y catorce para los espumosos; cuando, seg\u00fan este mismo lobby cifra en 11 y 29 centavos respectivamente los aranceles con los que son gravados sus vinos al llegar a Europa.<\/p>\n<p>El anuncio hace unos d\u00edas de su intenci\u00f3n de presentarse a la reelecci\u00f3n en el 2020 manteniendo el slogan \u201cAmerican first\u201d (Am\u00e9rica primero) y su gran verborrea a la hora de anunciar medidas cuyas consecuencias no acaba de valorar en su justa medida, le han llevado a amenazar con subir los aranceles a la importaci\u00f3n de vinos franceses. Sin saber muy bien si no sabe que toda la Uni\u00f3n Europea es un solo origen y lo que quiera imponer a uno de sus miembros lo hace para el resto, o porque lo \u00fanico que cala en su electorado es la menci\u00f3n expl\u00edcita del pa\u00eds galo. El caso es que, de una forma u otra, si cumple su amenaza (esperemos que no, como en ocasiones anteriores) todos los pa\u00edses europeos nos veremos perjudicados, como ya nos hemos visto con otros productos como la aceituna negra con especial incidencia para nuestro pa\u00eds.<\/p>\n<p>Una vez m\u00e1s los productos vitivin\u00edcolas corren el riesgo de ser tomados como rehenes de cuestiones de las que son totalmente ajenos. Tal y como ya sucediera con China y el conflicto que mantuvo con Alemania por las placas solares y que acab\u00f3 generando una enorme factura en abogados para demostrar que no vend\u00edamos nuestros vinos por debajo de los costes de producci\u00f3n y que llev\u00f3 a unas cuantas bodegas espa\u00f1olas a tener que mostrar a las autorizadas chinas su \u201cknow how\u201d y asumir la formaci\u00f3n de sus operadores.<\/p>\n<p>La globalizaci\u00f3n de los mercados es un hecho imparable, la internacionalizaci\u00f3n de nuestras bodegas, una asignatura que van superando poco a poco con grandes esfuerzos. Pero lo que resulta totalmente inadmisible es que sea el sector vitivin\u00edcola el que acabe siendo reh\u00e9n de guerras que van mucho m\u00e1s all\u00e1 de nuestros productos. La actual batalla que est\u00e1 librando Estados Unidos con el resto del mundo por mantener el dominio comercial y tecnol\u00f3gico mundial puede llegar a tener graves consecuencias ante las que protegerse se hace muy complicado, dada la debilidad de los productos agrarios y especialmente, dentro de estos, del vino.<\/p>\n<p>Pensar en el comercio exterior, balsa de salvaci\u00f3n de nuestro sector y \u00fanica v\u00eda por la que generarle valor a\u00f1adido a nuestros vinos y dejar fuera a las dos grandes potencias mundiales es algo totalmente impensable y bien har\u00edamos si aument\u00e1semos la presi\u00f3n sobre la debilitada Comisi\u00f3n Europea (en proceso de relevo por las \u00faltimas elecciones) para que se mostrara firme en este tema y defendiera los intereses del sector con mayor severidad ante las autorizadas comerciales estadounidenses o el mism\u00edsimo Congreso norteamericano.<\/p>\n","protected":false},"excerpt":{"rendered":"<p>Baste con echar una simple mirada a la infograf\u00eda que acabamos de publicar en nuestra web www.sevi.net con los datos de exportaci\u00f3n del primer trimestre del a\u00f1o, para comprobar el peso que tiene Estados Unidos. Segundo pa\u00eds en valor, solo por detr\u00e1s de Alemania y con el precio medio por litro m\u00e1s alto 3,37 \u20ac\/l, [&hellip;]<\/p>\n","protected":false},"author":1,"featured_media":1874,"comment_status":"open","ping_status":"closed","sticky":false,"template":"","format":"standard","meta":{"footnotes":""},"categories":[3],"tags":[],"class_list":["post-1873","post","type-post","status-publish","format-standard","has-post-thumbnail","hentry","category-impresiones"],"_links":{"self":[{"href":"https:\/\/www.salvadormanjon.com\/index.php\/wp-json\/wp\/v2\/posts\/1873","targetHints":{"allow":["GET"]}}],"collection":[{"href":"https:\/\/www.salvadormanjon.com\/index.php\/wp-json\/wp\/v2\/posts"}],"about":[{"href":"https:\/\/www.salvadormanjon.com\/index.php\/wp-json\/wp\/v2\/types\/post"}],"author":[{"embeddable":true,"href":"https:\/\/www.salvadormanjon.com\/index.php\/wp-json\/wp\/v2\/users\/1"}],"replies":[{"embeddable":true,"href":"https:\/\/www.salvadormanjon.com\/index.php\/wp-json\/wp\/v2\/comments?post=1873"}],"version-history":[{"count":0,"href":"https:\/\/www.salvadormanjon.com\/index.php\/wp-json\/wp\/v2\/posts\/1873\/revisions"}],"wp:featuredmedia":[{"embeddable":true,"href":"https:\/\/www.salvadormanjon.com\/index.php\/wp-json\/"}],"wp:attachment":[{"href":"https:\/\/www.salvadormanjon.com\/index.php\/wp-json\/wp\/v2\/media?parent=1873"}],"wp:term":[{"taxonomy":"category","embeddable":true,"href":"https:\/\/www.salvadormanjon.com\/index.php\/wp-json\/wp\/v2\/categories?post=1873"},{"taxonomy":"post_tag","embeddable":true,"href":"https:\/\/www.salvadormanjon.com\/index.php\/wp-json\/wp\/v2\/tags?post=1873"}],"curies":[{"name":"wp","href":"https:\/\/api.w.org\/{rel}","templated":true}]}}