{"id":1894,"date":"2019-07-31T09:30:51","date_gmt":"2019-07-31T07:30:51","guid":{"rendered":"http:\/\/www.salvadormanjon.com\/?p=1894"},"modified":"2019-07-31T09:30:51","modified_gmt":"2019-07-31T07:30:51","slug":"42-mhl-una-cosecha-mas-que-probable","status":"publish","type":"post","link":"https:\/\/www.salvadormanjon.com\/index.php\/2019\/07\/31\/42-mhl-una-cosecha-mas-que-probable\/","title":{"rendered":"42 Mhl: una cosecha m\u00e1s que probable"},"content":{"rendered":"<p>No por conocida y esperada, la noticia deja de tener su importancia, ya que la puesta en marcha, a partir de este 1 de agosto de la extensi\u00f3n del Acuerdo de la Organizaci\u00f3n Interprofesional del Vino de Espa\u00f1a al conjunto del sector, fijando su aportaci\u00f3n econ\u00f3mica obligatoria de 0,18 \u20ac\/hl de vino envasado y 0,052 \u20ac\/hl del que se venda a granel; supone el afianzamiento de la Interprofesional del sector y la posibilidad de que cuente con fondos con los que realizar actividades de promoci\u00f3n e informaci\u00f3n, inteligencia econ\u00f3mica, vertebraci\u00f3n sectorial investigaci\u00f3n, desarrollo e innovaci\u00f3n tecnol\u00f3gica y estudios para las pr\u00f3ximas cinco campa\u00f1as.<\/p>\n<p>Su puesta en marcha no impedir\u00e1 que siga habiendo colectivos que, dirigidos por bodegas de gran predicamento, se muestren contrarios y ejerzan sus derechos a presentar sus objeciones de la forma que consideren m\u00e1s conveniente. No obstante, el hecho de que se haya aprobado esta segunda extensi\u00f3n de norma, supone un gran espaldarazo del sector a una Interprofesional que debiera representar a todo el colectivo, as\u00ed como dar continuidad a las acciones de informaci\u00f3n puestas en marcha dirigidas a la recuperaci\u00f3n del consumo de vino en Espa\u00f1a.<\/p>\n<p>Precisamente, en una campa\u00f1a en la que todas las previsiones apuntan hacia una producci\u00f3n considerablemente inferior a los cincuenta millones de hectolitros elaborados el pasado a\u00f1o, consecuencia, principalmente de la sequ\u00eda, que ha afectado a pr\u00e1cticamente la totalidad de la geograf\u00eda espa\u00f1ola, y a la que se han unido episodios de altas temperaturas, superando r\u00e9cord hist\u00f3ricos y fuertes tormentas de granizo.<\/p>\n<p>Emplear el t\u00e9rmino de \u201cnormalidad\u201d, como est\u00e1n haciendo las organizaciones agrarias y cooperativas para definir este descenso, pudiera ser un tanto confuso ya que su fijaci\u00f3n siempre resulta complicado de establecer. Especialmente cuando la superficie de vi\u00f1edo en nuestro pa\u00eds se ha reestructurado en m\u00e1s de un tercio, hacia rendimientos que apenas soportan la comparaci\u00f3n con los mejores a\u00f1os. Multiplicar por dos o tres (como m\u00ednimo) lo que hist\u00f3ricamente se produc\u00eda en las principales comarcas vitivin\u00edcolas hace muy dif\u00edcil hablar de \u201canormalidad\u201d cuando obtenemos cosechas que superan los cincuenta millones de hectolitros. Hay que recordar que nuestros competidores, Francia e Italia, los alcanzan con superficies muy inferiores a la nuestra.<\/p>\n<p>El quince por ciento de merma podr\u00edamos decir que es el m\u00e1s utilizado por aquellas organizaciones que se han atrevido a publicar sus estimaciones de cosecha, lo que dejar\u00eda el extremo inferior de la horquilla en la que se mueven en el entorno de los cuarenta millones de hectolitros. As\u00ed, mientras cooperativas Agro-Alimentarias fijan la franja de producci\u00f3n entre los cuarenta y los cuarenta y cuatro millones de hectolitros; la Federaci\u00f3n Espa\u00f1ola del Vino que agrupa a las principales bodegas espa\u00f1olas centra su atenci\u00f3n en resaltar que la cosecha media en Espa\u00f1a de los \u00faltimos cinco a\u00f1os ha sido de cuarenta y dos millones de hectolitros. Cifra que coincide con la dada como posible por la organizaci\u00f3n agraria Asaja, o COAG para la que 42-43 Mhl podr\u00eda ser la cantidad que acab\u00e1ramos produciendo este a\u00f1o. De las organizaciones agrarias, es la Uni\u00f3n de Peque\u00f1os Agricultores la que se muestra m\u00e1s prudente, no acabando de concretar cifra alguna, limit\u00e1ndose a resaltar el estr\u00e9s h\u00eddrico que est\u00e1 soportando el vi\u00f1edo y los efectos negativos que sobre la cosecha pudiera acabar teniendo.<\/p>\n<p>En terreno mucho m\u00e1s pantanoso se atreve a adentrarse el consejero de Castilla-La Mancha, Mart\u00ednez Arroyo, para quien una cosecha que debiera ser \u201csustancialmente m\u00e1s corta\u201d le lleva a confiar en que los precios de la uva no se vean arrastrados por lo sucedido con los de los vinos y se mantengan en niveles similares a los del pasado a\u00f1o.<\/p>\n<p>Nuestra previsi\u00f3n, a la vuelta de vacaciones, aunque todo parece indicar que no se alejar\u00e1 mucho de esos cuarenta y dos millones de hectolitros.<\/p>\n","protected":false},"excerpt":{"rendered":"<p>No por conocida y esperada, la noticia deja de tener su importancia, ya que la puesta en marcha, a partir de este 1 de agosto de la extensi\u00f3n del Acuerdo de la Organizaci\u00f3n Interprofesional del Vino de Espa\u00f1a al conjunto del sector, fijando su aportaci\u00f3n econ\u00f3mica obligatoria de 0,18 \u20ac\/hl de vino envasado y 0,052 [&hellip;]<\/p>\n","protected":false},"author":1,"featured_media":1895,"comment_status":"open","ping_status":"closed","sticky":false,"template":"","format":"standard","meta":{"footnotes":""},"categories":[3],"tags":[],"class_list":["post-1894","post","type-post","status-publish","format-standard","has-post-thumbnail","hentry","category-impresiones"],"_links":{"self":[{"href":"https:\/\/www.salvadormanjon.com\/index.php\/wp-json\/wp\/v2\/posts\/1894","targetHints":{"allow":["GET"]}}],"collection":[{"href":"https:\/\/www.salvadormanjon.com\/index.php\/wp-json\/wp\/v2\/posts"}],"about":[{"href":"https:\/\/www.salvadormanjon.com\/index.php\/wp-json\/wp\/v2\/types\/post"}],"author":[{"embeddable":true,"href":"https:\/\/www.salvadormanjon.com\/index.php\/wp-json\/wp\/v2\/users\/1"}],"replies":[{"embeddable":true,"href":"https:\/\/www.salvadormanjon.com\/index.php\/wp-json\/wp\/v2\/comments?post=1894"}],"version-history":[{"count":0,"href":"https:\/\/www.salvadormanjon.com\/index.php\/wp-json\/wp\/v2\/posts\/1894\/revisions"}],"wp:featuredmedia":[{"embeddable":true,"href":"https:\/\/www.salvadormanjon.com\/index.php\/wp-json\/"}],"wp:attachment":[{"href":"https:\/\/www.salvadormanjon.com\/index.php\/wp-json\/wp\/v2\/media?parent=1894"}],"wp:term":[{"taxonomy":"category","embeddable":true,"href":"https:\/\/www.salvadormanjon.com\/index.php\/wp-json\/wp\/v2\/categories?post=1894"},{"taxonomy":"post_tag","embeddable":true,"href":"https:\/\/www.salvadormanjon.com\/index.php\/wp-json\/wp\/v2\/tags?post=1894"}],"curies":[{"name":"wp","href":"https:\/\/api.w.org\/{rel}","templated":true}]}}