{"id":2050,"date":"2020-04-29T10:46:40","date_gmt":"2020-04-29T08:46:40","guid":{"rendered":"http:\/\/www.salvadormanjon.com\/?p=2050"},"modified":"2020-04-29T10:46:40","modified_gmt":"2020-04-29T08:46:40","slug":"compensaran-las-medidas-los-efectos-de-la-crisis","status":"publish","type":"post","link":"https:\/\/www.salvadormanjon.com\/index.php\/2020\/04\/29\/compensaran-las-medidas-los-efectos-de-la-crisis\/","title":{"rendered":"\u00bfCompensar\u00e1n las medidas los efectos de la crisis?"},"content":{"rendered":"<p>Todo el mundo coincide en que de esta saldremos y, aunque los hay que consideran que con valores como el de la solidaridad y la familia reforzados, no hay ninguna duda de que pagaremos un alto coste por ello. Hasta d\u00f3nde alcanzar\u00e1 la crisis y qu\u00e9 sectores ser\u00e1n los que se vean m\u00e1s afectados es una duda que, poco a poco, se va despejando, gracias a los datos concretos que se van conociendo.<\/p>\n<p>Tras un primer momento de p\u00e1nico por la paralizaci\u00f3n, casi absoluta de la econom\u00eda y el cierre total de bares y restaurantes, el consumo de vino en el canal alimentaci\u00f3n era el \u00fanico capaz de darnos alguna alegr\u00eda, con incrementos espectaculares y un inter\u00e9s inusitado de los compradores por utilizar las plataformas online en sus compras para un consumo que aumentaba su frecuencia.<\/p>\n<p>Pero tambi\u00e9n sab\u00edamos a ciencia cierta que, por m\u00e1s que estas ventas aumenten, van a quedarse a a\u00f1os luz de compensar todo lo que perdamos en Horeca, turismo y venta directa en bodega. Que la exportaci\u00f3n, por estos mismos motivos, ser\u00e1 imposible que mantenga su ritmo y que se ver\u00e1 fuertemente afectada; lo que provocar\u00e1 un agravamiento de la tensi\u00f3n que ya viv\u00edamos en los mercados, con precios moderados y vol\u00famenes reducidos, limitados a la reposici\u00f3n, en espera de nuevos acontecimientos que permitan tener una idea m\u00e1s precisa del futuro inmediato en disponibilidades y necesidades de abastecimiento. Lamentablemente, los acontecimientos no pudieron resultar m\u00e1s negativos para el sector y los peores escenarios imaginables al principio de la campa\u00f1a se quedaron como un bello sue\u00f1o ante la realidad de unos acontecimientos hist\u00f3ricos.<\/p>\n<p>Aunque, al menos (y eso hay que reconocerlo) la Comisi\u00f3n Europea, al contrario de la posici\u00f3n f\u00e9rrea mantenida en contra de aplicar cualquier medida que ayudase a paliar la situaci\u00f3n excedentaria del sector, se ha mostrado dispuesta a adoptar medidas desde el primer momento: retiradas temporales, como contratos de almacenamiento, o definitivas, mediante la destilaci\u00f3n, podas en verde; y todo a cuenta de los Programas Nacionales de Apoyo al Sector Vitivin\u00edcola (PASVE). Lo que, sin duda, vendr\u00e1 a paliar la delicada situaci\u00f3n de los pa\u00edses mediterr\u00e1neos que, en palabras del director de la OIV, Pau Roca, ser\u00e1n los que en mayor medida se vean afectados por esta situaci\u00f3n.<\/p>\n","protected":false},"excerpt":{"rendered":"<p>Todo el mundo coincide en que de esta saldremos y, aunque los hay que consideran que con valores como el de la solidaridad y la familia reforzados, no hay ninguna duda de que pagaremos un alto coste por ello. Hasta d\u00f3nde alcanzar\u00e1 la crisis y qu\u00e9 sectores ser\u00e1n los que se vean m\u00e1s afectados es [&hellip;]<\/p>\n","protected":false},"author":1,"featured_media":2051,"comment_status":"open","ping_status":"closed","sticky":false,"template":"","format":"standard","meta":{"footnotes":""},"categories":[3],"tags":[],"class_list":["post-2050","post","type-post","status-publish","format-standard","has-post-thumbnail","hentry","category-impresiones"],"_links":{"self":[{"href":"https:\/\/www.salvadormanjon.com\/index.php\/wp-json\/wp\/v2\/posts\/2050","targetHints":{"allow":["GET"]}}],"collection":[{"href":"https:\/\/www.salvadormanjon.com\/index.php\/wp-json\/wp\/v2\/posts"}],"about":[{"href":"https:\/\/www.salvadormanjon.com\/index.php\/wp-json\/wp\/v2\/types\/post"}],"author":[{"embeddable":true,"href":"https:\/\/www.salvadormanjon.com\/index.php\/wp-json\/wp\/v2\/users\/1"}],"replies":[{"embeddable":true,"href":"https:\/\/www.salvadormanjon.com\/index.php\/wp-json\/wp\/v2\/comments?post=2050"}],"version-history":[{"count":0,"href":"https:\/\/www.salvadormanjon.com\/index.php\/wp-json\/wp\/v2\/posts\/2050\/revisions"}],"wp:featuredmedia":[{"embeddable":true,"href":"https:\/\/www.salvadormanjon.com\/index.php\/wp-json\/"}],"wp:attachment":[{"href":"https:\/\/www.salvadormanjon.com\/index.php\/wp-json\/wp\/v2\/media?parent=2050"}],"wp:term":[{"taxonomy":"category","embeddable":true,"href":"https:\/\/www.salvadormanjon.com\/index.php\/wp-json\/wp\/v2\/categories?post=2050"},{"taxonomy":"post_tag","embeddable":true,"href":"https:\/\/www.salvadormanjon.com\/index.php\/wp-json\/wp\/v2\/tags?post=2050"}],"curies":[{"name":"wp","href":"https:\/\/api.w.org\/{rel}","templated":true}]}}