{"id":2053,"date":"2020-05-06T13:14:36","date_gmt":"2020-05-06T11:14:36","guid":{"rendered":"http:\/\/www.salvadormanjon.com\/?p=2053"},"modified":"2020-05-06T13:14:36","modified_gmt":"2020-05-06T11:14:36","slug":"hacia-una-europa-de-mayores-acomodados","status":"publish","type":"post","link":"https:\/\/www.salvadormanjon.com\/index.php\/2020\/05\/06\/hacia-una-europa-de-mayores-acomodados\/","title":{"rendered":"Hacia una Europa de mayores acomodados"},"content":{"rendered":"<p>Es verdad que no son necesarias pandemias mundiales para evidenciar la pesadez con la que se desenvuelve la Uni\u00f3n Europea. Por todos es conocida, aunque, de manera muy especial, por aquellos relacionados con el sector vitivin\u00edcola y cuyas competencias emanan, en su gran mayor\u00eda, del acervo legislativo comunitario.<\/p>\n<p>Y aunque, ocasiones de gran importancia hemos tenido para poder comprobarlo de primera mano, todo parece indicar que el Covid-19 no va a ser ni una excepci\u00f3n, ni un ejemplo de eficiencia.<\/p>\n<p>En cuatro medidas podr\u00edamos concretar lo que est\u00e1 pidi\u00e9ndole el sector a la Comisi\u00f3n: destilaci\u00f3n, retirada temporal de producci\u00f3n, vendimia en verde y flexibilidad en los programas de promoci\u00f3n. Hasta la fecha ninguna de ellas puesta en marcha. Ya que, si bien existen ya los reglamentos por parte de la Comisi\u00f3n, que pueden consultar \u00edntegros en <a href=\"http:\/\/www.sevi.net\">www.sevi.net<\/a>, su concreci\u00f3n y ejecuci\u00f3n est\u00e1n todav\u00eda pendiente de ser trasladadas a los Estados miembros. Parece que las consecuencias que est\u00e1 teniendo la situaci\u00f3n sobre bodegas y viticultores no est\u00e1n resultando lo suficientemente graves ya, como para tomar medidas de inmediato.<\/p>\n<p>El vi\u00f1edo evoluciona, inexorablemente y el tiempo para la vendimia en verde pasa, independientemente de protocolos administrativos, haciendo que esta lentitud suponga un retraimiento en su eficacia.<\/p>\n<p>Es entendible que cuestiones sanitarias, sociales y econ\u00f3micas sean mucho m\u00e1s importantes y requieran mayor atenci\u00f3n que un peque\u00f1o sector como el vitivin\u00edcola por parte de la Uni\u00f3n Europea, pero, \u00bfes tan dif\u00edcil hacer dos cosas al mismo tiempo?<\/p>\n<p>Nunca antes, una situaci\u00f3n hab\u00eda puesto tan de manifiesto la importancia que en la toma de decisiones tiene el tiempo; as\u00ed como las grandes diferencias que tiene en su grado de efectividad y coste el ser \u00e1gil en esa toma de decisiones, como con el Covid-19. Y, aun as\u00ed, la celeridad con la que son resueltos los asuntos est\u00e1 brillando por su ausencia.<\/p>\n<p>No tengo ni la m\u00e1s m\u00ednima duda de que solo unidos seremos capaces de afrontar los retos que nos presenta el siglo XXI, con la deslocalizaci\u00f3n de la econom\u00eda hacia otros continentes y el valor residual en el que Europa se ha asumido como un continente de \u201cmayores acomodados\u201d. Creo en la moneda \u00fanica y la libre circulaci\u00f3n de bienes y servicios. Pero mucho me temo que es esta falta de eficiencia lo que m\u00e1s est\u00e1 poniendo en peligro la propia supervivencia de lo que hemos tardado m\u00e1s de sesenta a\u00f1os en construir. Con un notable debilitamiento de pa\u00edses, sectores y ciudadanos.<\/p>\n<p>Dentro de muy poco asistiremos a campa\u00f1as de todo tipo incentiv\u00e1ndonos al consumo, con especial atenci\u00f3n hacia los productos locales o regionales. Incluso apelar\u00e1n a nuestros sentimientos para convencernos de que nuestra colaboraci\u00f3n, como consumidores, es fundamental para hacer de esta \u201cuve asim\u00e9trica\u201d, en la que se debiera convertir la crisis econ\u00f3mica a la que nos enfrentamos y su recuperaci\u00f3n, lo m\u00e1s sim\u00e9trica posible. Es decir, perder muy deprisa y recuperarlo tambi\u00e9n muy deprisa. Y hasta es muy posible que as\u00ed tenga que ser, nos guste o no, porque la restricci\u00f3n en la libertad de movimientos de personas nos privar\u00e1 de la llegada de millones y millones de turistas que hac\u00edan de nuestras playas y ciudades la primera industria del pa\u00eds.<\/p>\n<p>Pero es, precisamente, esa misma raz\u00f3n la que nos debiera percibir mejor la gran importancia que para nuestro pa\u00eds tiene la apertura de fronteras y la circulaci\u00f3n fluida de mercanc\u00edas. Espec\u00edficamente en nuestro sector, en el que podemos afirmar, categ\u00f3ricamente, que vivimos de los de fuera. Como as\u00ed demuestra el hecho de que vendamos dos veces y media m\u00e1s all\u00e1 de nuestras fronteras lo que consumimos dentro (27,099 Mhl), de los que dos terceras partes lo fueron intra-UE. Recibimos m\u00e1s de ochenta y seis millones de turistas y la industria tur\u00edstica representa m\u00e1s del 12% de nuestro PIB.<\/p>\n","protected":false},"excerpt":{"rendered":"<p>Es verdad que no son necesarias pandemias mundiales para evidenciar la pesadez con la que se desenvuelve la Uni\u00f3n Europea. Por todos es conocida, aunque, de manera muy especial, por aquellos relacionados con el sector vitivin\u00edcola y cuyas competencias emanan, en su gran mayor\u00eda, del acervo legislativo comunitario. Y aunque, ocasiones de gran importancia hemos [&hellip;]<\/p>\n","protected":false},"author":1,"featured_media":2054,"comment_status":"open","ping_status":"closed","sticky":false,"template":"","format":"standard","meta":{"footnotes":""},"categories":[3],"tags":[],"class_list":["post-2053","post","type-post","status-publish","format-standard","has-post-thumbnail","hentry","category-impresiones"],"_links":{"self":[{"href":"https:\/\/www.salvadormanjon.com\/index.php\/wp-json\/wp\/v2\/posts\/2053","targetHints":{"allow":["GET"]}}],"collection":[{"href":"https:\/\/www.salvadormanjon.com\/index.php\/wp-json\/wp\/v2\/posts"}],"about":[{"href":"https:\/\/www.salvadormanjon.com\/index.php\/wp-json\/wp\/v2\/types\/post"}],"author":[{"embeddable":true,"href":"https:\/\/www.salvadormanjon.com\/index.php\/wp-json\/wp\/v2\/users\/1"}],"replies":[{"embeddable":true,"href":"https:\/\/www.salvadormanjon.com\/index.php\/wp-json\/wp\/v2\/comments?post=2053"}],"version-history":[{"count":0,"href":"https:\/\/www.salvadormanjon.com\/index.php\/wp-json\/wp\/v2\/posts\/2053\/revisions"}],"wp:featuredmedia":[{"embeddable":true,"href":"https:\/\/www.salvadormanjon.com\/index.php\/wp-json\/"}],"wp:attachment":[{"href":"https:\/\/www.salvadormanjon.com\/index.php\/wp-json\/wp\/v2\/media?parent=2053"}],"wp:term":[{"taxonomy":"category","embeddable":true,"href":"https:\/\/www.salvadormanjon.com\/index.php\/wp-json\/wp\/v2\/categories?post=2053"},{"taxonomy":"post_tag","embeddable":true,"href":"https:\/\/www.salvadormanjon.com\/index.php\/wp-json\/wp\/v2\/tags?post=2053"}],"curies":[{"name":"wp","href":"https:\/\/api.w.org\/{rel}","templated":true}]}}