{"id":2083,"date":"2020-07-01T09:22:19","date_gmt":"2020-07-01T07:22:19","guid":{"rendered":"http:\/\/www.salvadormanjon.com\/?p=2083"},"modified":"2020-07-01T09:22:19","modified_gmt":"2020-07-01T07:22:19","slug":"la-prestidigitacion-de-nuestros-administradores","status":"publish","type":"post","link":"https:\/\/www.salvadormanjon.com\/index.php\/2020\/07\/01\/la-prestidigitacion-de-nuestros-administradores\/","title":{"rendered":"La prestidigitaci\u00f3n de nuestros administradores"},"content":{"rendered":"<p>Esta an\u00f3mala situaci\u00f3n, provocada por un \u201cbichito\u201d, dispuesto a cambiarnos la vida a toda la humanidad; si algo ha puesto de manifiesto (adem\u00e1s de la fragilidad del ser humano y lo r\u00e1pido que la unidad y solidaridad se van por el desag\u00fce) han sido las grandes cualidades financieras de todos nuestros administradores.<\/p>\n<p>Si hace apenas unas semanas de lo que nos lament\u00e1bamos era de que nuestro Ministerio de Agricultura limitaba su apoyo al sector vitivin\u00edcola a \u201cmover\u201d de un sitio a otro los fondos con los que adoptar medidas extraordinarias con los que paliar los efectos del Covid-19. Ahora es la Comisi\u00f3n Europea la que ha decidido unirse y mover la bolita.<\/p>\n<p>Sin m\u00e1s recursos que los ya existentes pre-pandemia, el Comisario Wojciechowski ha anunciado un aumento del 10% de la cofinanciaci\u00f3n comunitaria de medidas como la reestructuraci\u00f3n, inversiones, cosecha en verde y promoci\u00f3n en terceros pa\u00edses. Lo que, salvo que asistamos al milagro de la multiplicaci\u00f3n de los panes y los peces, bien se podr\u00eda traducir en que ser\u00e1n menos los beneficiarios de estas ayudas. Las mismas, conviene recordarlo, de las que provienen los noventa millones de euros con los que se financiar\u00e1 la destilaci\u00f3n de crisis, el almacenamiento y la cosecha verde en nuestro pa\u00eds. Vamos que, entre una cosa y otra, los que puedan beneficiarse de estas ayudas van a resultar ser unos escogidos, porque ser\u00e1n menos y recibir\u00e1n un mayor importe del que hubieren percibido anteriormente.<\/p>\n<p>Pero como si todo esto no fuera ya, por s\u00ed mismo, bastante lamentable, por lo que genera de graves perjuicios comparativos, algunas comunidades aut\u00f3nomas han decidido sumarse a la fiesta y aportar recursos propios. Casualidad o no, son las comunidades con un sentimiento m\u00e1s nacionalista: Catalu\u00f1a, Pa\u00eds Vasco y Navarra. \u00a1Ojo! Que no quisiera que se me malinterpretase. Que me parce genial esto de que las administraciones regionales hagan lo que no ha hecho la central y es apoyar al sector, m\u00e1s all\u00e1 de limitarse a mover los fondos asignados a unas medidas para financiar otras diferentes. Pero con estas pol\u00edticas heterog\u00e9neas volvemos a romper la igualdad del sector y a situar en condiciones de competencia desiguales a los viticultores y bodegueros de unas regiones y otras de Espa\u00f1a.<\/p>\n<p>En cuanto a la eficacia que acabar\u00e1n teniendo todas estas medidas extraordinarias, vistas las solicitudes que se han presentado a las tres, pero especialmente destilaci\u00f3n y almacenamiento, podemos confirmar taxativamente que era imperiosa su aplicaci\u00f3n y que los fondos van a quedarse muy alejados de los que hubiesen sido necesarios para dar respuesta a todo el volumen ofertado. Hablar de que m\u00e1s de la mitad se quedar\u00e1 fuera de ser convertido en alcohol o esperar tiempos mejores en los que salir al mercado, podr\u00eda acabar siendo muy optimista. Y lo m\u00e1s interesante es que semejante situaci\u00f3n sabemos que se ha producido en Francia e intuimos que habr\u00e1 sucedido en Italia.<\/p>\n<p>Ahora cabr\u00eda preguntarse, especialmente despu\u00e9s de haber conocido que nuestras exportaciones durante abril cayeron un 12,7% en volumen y un 9,8% en valor, situando el acumulado del a\u00f1o en unas p\u00e9rdidas muy similares 11,5% y 6,5% respectivamente; si podemos empezar a ver la luz al final del t\u00fanel. Considerando que las categor\u00edas que mejor han soportado el envite han sido la de BiB con incrementos en volumen y valor entre enero-abril del 11,2% y 3,7% y graneles con indicaci\u00f3n varietal. O que las ventas a nuestros principales compradores: Francia, Portugal e Italia han perdido un 16,8%, 13,8% y 17,7%, llegando al 48,5% como es el caso de Rusia. No es previsible que seamos capaces de llegar al momento de la prorrata con una situaci\u00f3n saneada en nuestras existencias, por lo que habr\u00e1 que estar muy atento a los precios de los vinos, pero, especialmente, de mostos y uvas.<\/p>\n","protected":false},"excerpt":{"rendered":"<p>Esta an\u00f3mala situaci\u00f3n, provocada por un \u201cbichito\u201d, dispuesto a cambiarnos la vida a toda la humanidad; si algo ha puesto de manifiesto (adem\u00e1s de la fragilidad del ser humano y lo r\u00e1pido que la unidad y solidaridad se van por el desag\u00fce) han sido las grandes cualidades financieras de todos nuestros administradores. Si hace apenas [&hellip;]<\/p>\n","protected":false},"author":1,"featured_media":2084,"comment_status":"open","ping_status":"closed","sticky":false,"template":"","format":"standard","meta":{"footnotes":""},"categories":[3],"tags":[],"class_list":["post-2083","post","type-post","status-publish","format-standard","has-post-thumbnail","hentry","category-impresiones"],"_links":{"self":[{"href":"https:\/\/www.salvadormanjon.com\/index.php\/wp-json\/wp\/v2\/posts\/2083","targetHints":{"allow":["GET"]}}],"collection":[{"href":"https:\/\/www.salvadormanjon.com\/index.php\/wp-json\/wp\/v2\/posts"}],"about":[{"href":"https:\/\/www.salvadormanjon.com\/index.php\/wp-json\/wp\/v2\/types\/post"}],"author":[{"embeddable":true,"href":"https:\/\/www.salvadormanjon.com\/index.php\/wp-json\/wp\/v2\/users\/1"}],"replies":[{"embeddable":true,"href":"https:\/\/www.salvadormanjon.com\/index.php\/wp-json\/wp\/v2\/comments?post=2083"}],"version-history":[{"count":0,"href":"https:\/\/www.salvadormanjon.com\/index.php\/wp-json\/wp\/v2\/posts\/2083\/revisions"}],"wp:featuredmedia":[{"embeddable":true,"href":"https:\/\/www.salvadormanjon.com\/index.php\/wp-json\/"}],"wp:attachment":[{"href":"https:\/\/www.salvadormanjon.com\/index.php\/wp-json\/wp\/v2\/media?parent=2083"}],"wp:term":[{"taxonomy":"category","embeddable":true,"href":"https:\/\/www.salvadormanjon.com\/index.php\/wp-json\/wp\/v2\/categories?post=2083"},{"taxonomy":"post_tag","embeddable":true,"href":"https:\/\/www.salvadormanjon.com\/index.php\/wp-json\/wp\/v2\/tags?post=2083"}],"curies":[{"name":"wp","href":"https:\/\/api.w.org\/{rel}","templated":true}]}}