{"id":2093,"date":"2020-07-22T12:52:13","date_gmt":"2020-07-22T10:52:13","guid":{"rendered":"http:\/\/www.salvadormanjon.com\/?p=2093"},"modified":"2020-07-22T12:52:13","modified_gmt":"2020-07-22T10:52:13","slug":"un-paso-historico-en-la-union-europea","status":"publish","type":"post","link":"https:\/\/www.salvadormanjon.com\/index.php\/2020\/07\/22\/un-paso-historico-en-la-union-europea\/","title":{"rendered":"Un paso hist\u00f3rico en la Uni\u00f3n Europea"},"content":{"rendered":"<p>Qu\u00e9 duda cabe que el acuerdo adoptado para los fondos de reactivaci\u00f3n, en la madrugada del martes por la Uni\u00f3n Europea es una excelente noticia, para todos. Sin ella, sencillamente, ser\u00eda imposible hacer frente a los efectos que en nuestra econom\u00eda ha dejado el coronavirus. Ciento cuarenta mil millones de euros, de los que setenta y dos lo sean en subsidios, que es el importe que le corresponde a Espa\u00f1a de este paquete, es mucho, mucho dinero. Y aunque solo sea por ponerlo en contexto, convendr\u00eda recordar que la facturaci\u00f3n de las bodegas es de 6.500 M\u20ac y el conjunto del sector se estima en doce mil, un uno por ciento del PIB.<\/p>\n<p>As\u00ed es que, no hay duda. Una excelente noticia de la que nos beneficiaremos todos. No solo porque nos permitir\u00e1 disponer de recursos con los que apoyar la recuperaci\u00f3n de la econom\u00eda, sino porque supone un paso adelante de gran transcendencia de cara a la consolidaci\u00f3n de la Uni\u00f3n Europea, que apuesta por una verdadera pol\u00edtica unitaria al acudir a los mercados de deuda de manera conjunta.<\/p>\n<p>Tampoco convendr\u00eda olvidar que este acuerdo se encuentra incluido en el marco financiero de la Uni\u00f3n Europea 2021-27, que ha quedado establecido 1,824 billones de Euros de los que 750.000 M\u20ac van destinados a los fondos de reactivaci\u00f3n. Tema enquistado desde la salida efectiva de Reino Unido.<\/p>\n<p>Pero como bien me gusta repetirles a mis hijos cuando se lamentan de las consecuencias que tienen algunas acciones o decisiones que toman: \u201cen esta vida no hay nada gratis\u201d.<\/p>\n<p>Y la primera de todas ellas podr\u00edamos encontrarla en lo que afecta a la Pol\u00edtica Agraria Com\u00fan (PAC) que ha visto rebajar su presupuesto plurianual de 382.855 M\u20ac a 343.950 (-10,16%). Siendo los fondos destinados al Desarrollo Rural (segundo pilar) los m\u00e1s perjudicados al perder un 11,75%, que se fijan en 85.350 frente los 96.712 M\u20ac del periodo anterior 2014-20. Mientras que los que tienen por objeto sufragar los gastos del primer pilar (ayudas directas) pasan de 286.143 M\u20ac a 258.600 M\u20ac (-9\u201963%).<\/p>\n<p>C\u00f3mo acabar\u00e1 afectando a los Planes de Apoyo al Sector Vitivin\u00edcola (PASVE) es una inc\u00f3gnita, aunque se antoja muy complicado pensar que no lo acaben siendo. Cu\u00e1l o en qu\u00e9 medidas se producir\u00e1 la rebaja es una inc\u00f3gnita sobre la que resulta imposible, de momento, hacer cualquier conjetura.<\/p>\n<p>Sobre lo que no es muy dif\u00edcil conjeturar es sobre la importancia que estos fondos tienen para nuestro sector. Y para ello bastar\u00eda con recordar que los recursos con los que se van a pagar las medidas extraordinarias aprobadas por el Gobierno para hacer frente a los excedentes que presentan nuestras bodegas consecuencia del Covid-19, provienen exclusivamente de ellos. 91,6 M\u20ac que, retra\u00eddos de otras medidas servir\u00e1n para pagar la destilaci\u00f3n de dos millones de hectolitros, el almacenamiento de otros 2,25 Mhl y la puesta en marcha, por primera vez en nuestra historia, de la medida de vendimia en verde.<\/p>\n<p>As\u00ed es que, nos quedamos con la botella #siempremediollena, como reza el hashtag que ha dise\u00f1ado la Interprofesional y ladearemos la opini\u00f3n que merezca a cada uno, tanto la dotaci\u00f3n como el prorrateo que ha sido necesario ante el volumen solicitado en las tres medidas: 3.158.698 hl para destilaci\u00f3n y 4.848.821 en inmovilizaci\u00f3n o las 4.300 hect\u00e1reas que han solicitado eliminar su producci\u00f3n. Con ser preocupante su situaci\u00f3n, la confianza que el sector tiene en una vuelta a la normalidad en el consumo relativamente r\u00e1pida, parece ser bastante alta.<\/p>\n<p>No se explicar\u00eda de otra manera que sea la medida destinada a la eliminaci\u00f3n definitiva del vino, la que de las tres sea la que menor porcentaje se quedar\u00e1 fuera (36,68%), ya que en el almacenamiento se ha quedado fuera el 55,69% y en la vendimia en verde el 57,01%.<\/p>\n","protected":false},"excerpt":{"rendered":"<p>Qu\u00e9 duda cabe que el acuerdo adoptado para los fondos de reactivaci\u00f3n, en la madrugada del martes por la Uni\u00f3n Europea es una excelente noticia, para todos. Sin ella, sencillamente, ser\u00eda imposible hacer frente a los efectos que en nuestra econom\u00eda ha dejado el coronavirus. Ciento cuarenta mil millones de euros, de los que setenta [&hellip;]<\/p>\n","protected":false},"author":1,"featured_media":2094,"comment_status":"open","ping_status":"closed","sticky":false,"template":"","format":"standard","meta":{"footnotes":""},"categories":[3],"tags":[],"class_list":["post-2093","post","type-post","status-publish","format-standard","has-post-thumbnail","hentry","category-impresiones"],"_links":{"self":[{"href":"https:\/\/www.salvadormanjon.com\/index.php\/wp-json\/wp\/v2\/posts\/2093","targetHints":{"allow":["GET"]}}],"collection":[{"href":"https:\/\/www.salvadormanjon.com\/index.php\/wp-json\/wp\/v2\/posts"}],"about":[{"href":"https:\/\/www.salvadormanjon.com\/index.php\/wp-json\/wp\/v2\/types\/post"}],"author":[{"embeddable":true,"href":"https:\/\/www.salvadormanjon.com\/index.php\/wp-json\/wp\/v2\/users\/1"}],"replies":[{"embeddable":true,"href":"https:\/\/www.salvadormanjon.com\/index.php\/wp-json\/wp\/v2\/comments?post=2093"}],"version-history":[{"count":0,"href":"https:\/\/www.salvadormanjon.com\/index.php\/wp-json\/wp\/v2\/posts\/2093\/revisions"}],"wp:featuredmedia":[{"embeddable":true,"href":"https:\/\/www.salvadormanjon.com\/index.php\/wp-json\/"}],"wp:attachment":[{"href":"https:\/\/www.salvadormanjon.com\/index.php\/wp-json\/wp\/v2\/media?parent=2093"}],"wp:term":[{"taxonomy":"category","embeddable":true,"href":"https:\/\/www.salvadormanjon.com\/index.php\/wp-json\/wp\/v2\/categories?post=2093"},{"taxonomy":"post_tag","embeddable":true,"href":"https:\/\/www.salvadormanjon.com\/index.php\/wp-json\/wp\/v2\/tags?post=2093"}],"curies":[{"name":"wp","href":"https:\/\/api.w.org\/{rel}","templated":true}]}}