{"id":2232,"date":"2021-03-10T09:25:49","date_gmt":"2021-03-10T07:25:49","guid":{"rendered":"http:\/\/www.salvadormanjon.com\/?p=2232"},"modified":"2021-03-10T09:25:49","modified_gmt":"2021-03-10T07:25:49","slug":"se-abre-el-mercado-exterior-cuando-de-menos-recursos-disponemos","status":"publish","type":"post","link":"https:\/\/www.salvadormanjon.com\/index.php\/2021\/03\/10\/se-abre-el-mercado-exterior-cuando-de-menos-recursos-disponemos\/","title":{"rendered":"Se abre el mercado exterior cuando de menos recursos disponemos"},"content":{"rendered":"<p>Hab\u00edan depositadas muchas esperanzas en que un cambio en la administraci\u00f3n de los Estados Unidos, relajara las fuertes tensiones comerciales con Europa y fueran eliminados los aranceles adicionales del 25% \u201cad valorem\u201d que estaban vigentes desde el 18 de octubre de 2019 y que afectaban a todos los vinos procedentes de Espa\u00f1a con una graduaci\u00f3n igual o inferior al 14%. Y aunque las primeras noticias anunciaban que era un tema no prioritario y que, en consecuencia, deber\u00eda esperar un tiempo para ser revisado. El pasado viernes, tras una conversaci\u00f3n telef\u00f3nica entre el presidente Biden y la presidenta de la Comisi\u00f3n von de Leyen, se anunciaba la suspensi\u00f3n, por cuatro meses, per\u00edodo que se dan las partes para estudiar una soluci\u00f3n definitiva.<br \/>\nUna noticia de gran trascendencia para la Uni\u00f3n Europa pues el impuesto afectaba a Alemania, Francia, Gran Breta\u00f1a y Espa\u00f1a, cuyas bodegas destinaron una importante cantidad de recursos en los \u00faltimos a\u00f1os y al que durante 2020 exportaron 85\u201966 Millones de litros por un valor de 294\u201988 millones de euros (OeMV). Pero de gran relevancia para el comercio con la primera potencia comercial del mundo ya que supone un cambio radical sobre la pol\u00edtica mantenida por la administraci\u00f3n Trump que no considera socio preferente a la UE.<br \/>\nLas reacciones no se hicieron esperar y tanto el Ministerio de Agricultura, como el de Comercio, pasando por el sector bodegueros y organizaciones agrarias o cooperativas, o consejos reguladores; as\u00ed como, pr\u00e1cticamente todas, las administraciones regionales, se han mostrado muy satisfechos y confiados en que los cuatros meses que se han dado las dos administraciones no sea m\u00e1s que la fijaci\u00f3n de un plazo en el que dar por solucionado de manera definitiva un conflicto comercial que relegaba a la Uni\u00f3n Europea de su posici\u00f3n destacada en la pol\u00edtica comercial de Estados Unidos.<br \/>\nEn menor medida pero, no exenta de gran relevancia para el sector, ha sido la entrada en vigor, el pasado uno de marzo del acuerdo del acuerdo alcanzado por la UE y China para proteger del fraude, la imitaci\u00f3n y la usurpaci\u00f3n comercial cerca de 200 indicaciones geogr\u00e1ficas que afectan 8 IGP vin\u00edcolas espa\u00f1olas: Rioja, Cava, Catalu\u00f1a, La Mancha, Valdepe\u00f1as, Jerez-X\u00e9r\u00e8s-Sherry, Navarra y Valencia, as\u00ed como la de Brandy de Jerez.<br \/>\nLa gran importancia que tiene en la econom\u00eda mundial el gigante asi\u00e1tico, llamado a ocupar el primer puesto en los pr\u00f3ximos a\u00f1os, como su enorme potencial de clientes, hace que sea un mercado altamente codiciado por las bodegas europeas y, si bien el peso de nuestro pa\u00eds sigue siendo muy bajo puesto que tan solo fuimos capaces de venderles 63\u20193 millones de litros por un valor de 100\u20199 millones de euros de los 16.300 millones de euros que representaron el total de productos agroalimentarios vendidos por la Uni\u00f3n Europea hasta noviembre 2020. La autenticidad y calidad que para sus consumidores suponen los productos agroalimentarios, es un valor altamente codiciado.<br \/>\nDos excelentes noticias para un sector que tiene su mirada puesta en el mercado exterior como \u00fanica v\u00eda de sostenibilidad y valorizaci\u00f3n de su producci\u00f3n y que ayudar\u00e1n en la superaci\u00f3n de la mala situaci\u00f3n por la que atraviesan como consecuencia del cierre del canal de la hosteler\u00eda y restauraci\u00f3n en el mercado nacional. Situaci\u00f3n que el ministro, Luis Planas, se ha comprometido p\u00fablicamente a reclamar de la Uni\u00f3n Europea la dotaci\u00f3n de fondos extraordinarios que vayan m\u00e1s all\u00e1 de los espec\u00edficos del Programa de Apoyo al sector, reclamando que el sector \u201cdebe asumir el protagonismo de su propio destino\u201d para evitar la alta volatilidad de sus precios.<\/p>\n","protected":false},"excerpt":{"rendered":"<p>Hab\u00edan depositadas muchas esperanzas en que un cambio en la administraci\u00f3n de los Estados Unidos, relajara las fuertes tensiones comerciales con Europa y fueran eliminados los aranceles adicionales del 25% \u201cad valorem\u201d que estaban vigentes desde el 18 de octubre de 2019 y que afectaban a todos los vinos procedentes de Espa\u00f1a con una graduaci\u00f3n [&hellip;]<\/p>\n","protected":false},"author":1,"featured_media":2233,"comment_status":"open","ping_status":"closed","sticky":false,"template":"","format":"standard","meta":{"footnotes":""},"categories":[3],"tags":[],"class_list":["post-2232","post","type-post","status-publish","format-standard","has-post-thumbnail","hentry","category-impresiones"],"_links":{"self":[{"href":"https:\/\/www.salvadormanjon.com\/index.php\/wp-json\/wp\/v2\/posts\/2232","targetHints":{"allow":["GET"]}}],"collection":[{"href":"https:\/\/www.salvadormanjon.com\/index.php\/wp-json\/wp\/v2\/posts"}],"about":[{"href":"https:\/\/www.salvadormanjon.com\/index.php\/wp-json\/wp\/v2\/types\/post"}],"author":[{"embeddable":true,"href":"https:\/\/www.salvadormanjon.com\/index.php\/wp-json\/wp\/v2\/users\/1"}],"replies":[{"embeddable":true,"href":"https:\/\/www.salvadormanjon.com\/index.php\/wp-json\/wp\/v2\/comments?post=2232"}],"version-history":[{"count":0,"href":"https:\/\/www.salvadormanjon.com\/index.php\/wp-json\/wp\/v2\/posts\/2232\/revisions"}],"wp:featuredmedia":[{"embeddable":true,"href":"https:\/\/www.salvadormanjon.com\/index.php\/wp-json\/"}],"wp:attachment":[{"href":"https:\/\/www.salvadormanjon.com\/index.php\/wp-json\/wp\/v2\/media?parent=2232"}],"wp:term":[{"taxonomy":"category","embeddable":true,"href":"https:\/\/www.salvadormanjon.com\/index.php\/wp-json\/wp\/v2\/categories?post=2232"},{"taxonomy":"post_tag","embeddable":true,"href":"https:\/\/www.salvadormanjon.com\/index.php\/wp-json\/wp\/v2\/tags?post=2232"}],"curies":[{"name":"wp","href":"https:\/\/api.w.org\/{rel}","templated":true}]}}