{"id":2243,"date":"2021-03-31T09:06:50","date_gmt":"2021-03-31T07:06:50","guid":{"rendered":"http:\/\/www.salvadormanjon.com\/?p=2243"},"modified":"2021-03-31T09:06:50","modified_gmt":"2021-03-31T07:06:50","slug":"un-tiemo-perdido-para-un-futuro-previsible","status":"publish","type":"post","link":"https:\/\/www.salvadormanjon.com\/index.php\/2021\/03\/31\/un-tiemo-perdido-para-un-futuro-previsible\/","title":{"rendered":"Un tiemo perdido para un futuro previsible"},"content":{"rendered":"<p>Hablar de la Uni\u00f3n Europea es siempre complicado: 27 pa\u00edses miembros, con intereses tan dispares entre unos y otros; y la siempre dif\u00edcil lucha de equilibrios entre pa\u00edses del norte y sur, productores y no productores de vino, alineados contra cualquier bebida alcoh\u00f3lica con independencia de su acervo cultural\u2026 hacen muy complejo realizar cualquier vaticinio sobre la postura que se acabar\u00e1 adoptando. Especialmente cuando hablamos de fondos, de ah\u00ed la enorme importancia que tiene, nunca suficientemente bien ponderada, contar con los recursos de los Planes de Apoyo al Sector Vitivin\u00edcola (PASV) que le otorgan estabilidad y seguridad a medio plazo.<\/p>\n<p>Saber lo que pasar\u00e1 en el Consejo de Ministros de Agricultura de los d\u00edas 26 y 27 abril, momento en el que comisario del ramo se ha comprometido a adoptar una soluci\u00f3n sobre la concesi\u00f3n o no de fondos extraordinarios al sector con los que hacer frente a los graves efectos que la pandemia de Covid-19 est\u00e1 generando por el descenso en su consumo, se hace muy dif\u00edcil.<\/p>\n<p>Pero hay que reconocer que se antoja tremendamente dif\u00edcil que vaya a suceder. La dotaci\u00f3n espec\u00edfica al sector y los numerosos frentes y sectores igualmente afectados por esta situaci\u00f3n tan extraordinaria y que no cuentan con un Plan de Apoyo espec\u00edfico, hacen muy improbable que as\u00ed ocurra. Y, de hecho, aunque nadie, ni sector, ni Ministerio, se rinde en su empe\u00f1o por conseguirlos, todos comienzan a asumir que lo mejor ser\u00eda ir trabajando en diferentes escenarios en los que se contemplase la inexistencia de fondos europeos extraordinarios adicionales.<\/p>\n<p>Dentro de esta impredecibilidad, la opci\u00f3n que cuenta con m\u00e1s posibilidades de resultar aprobada parece ser la de autorizar la Comisi\u00f3n a cada uno de los Estados Miembros el uso de la ficha financiera del periodo 2019-23 para que la utilicen como mejor consideren, mostr\u00e1ndose dispuesta a adelantar esos fondos para que puedan llevarse a t\u00e9rmino las medidas extraordinarias que cada Estado priorice.<\/p>\n<p>No obstante, y con el objeto de tener una idea m\u00e1s clara de la envergadura del problema al que nos estamos enfrentando, convendr\u00eda pensar que, seg\u00fan algunas estimaciones realizadas ser\u00eda necesario retirar del mercado espa\u00f1ol entre siete y ocho millones de hectolitros y que, para que el precio medio fuera de 1,85 \u20ac\/hgdo (precio al que actualmente est\u00e1n cotizando los blancos en Castilla-La Mancha -solo por tener una referencia-), estar\u00edamos hablando de entre 155 y 177 millones de euros. Cantidad que se antoja, bajo cualquier escenario, del todo inasumible.<\/p>\n<p>Y, todo ello, sin entrar en valoraciones de que pedimos lo que no estamos dispuestos a dar. Ya que el Gobierno de Espa\u00f1a, a diferencia de algunas Comunidades Aut\u00f3nomas, no ha dado ayudas, ha dejado al sector fuera del paquete de los 11.000 M\u20ac y se trata de un producto no perecedero.<\/p>\n","protected":false},"excerpt":{"rendered":"<p>Hablar de la Uni\u00f3n Europea es siempre complicado: 27 pa\u00edses miembros, con intereses tan dispares entre unos y otros; y la siempre dif\u00edcil lucha de equilibrios entre pa\u00edses del norte y sur, productores y no productores de vino, alineados contra cualquier bebida alcoh\u00f3lica con independencia de su acervo cultural\u2026 hacen muy complejo realizar cualquier vaticinio [&hellip;]<\/p>\n","protected":false},"author":1,"featured_media":2244,"comment_status":"open","ping_status":"closed","sticky":false,"template":"","format":"standard","meta":{"footnotes":""},"categories":[3],"tags":[],"class_list":["post-2243","post","type-post","status-publish","format-standard","has-post-thumbnail","hentry","category-impresiones"],"_links":{"self":[{"href":"https:\/\/www.salvadormanjon.com\/index.php\/wp-json\/wp\/v2\/posts\/2243","targetHints":{"allow":["GET"]}}],"collection":[{"href":"https:\/\/www.salvadormanjon.com\/index.php\/wp-json\/wp\/v2\/posts"}],"about":[{"href":"https:\/\/www.salvadormanjon.com\/index.php\/wp-json\/wp\/v2\/types\/post"}],"author":[{"embeddable":true,"href":"https:\/\/www.salvadormanjon.com\/index.php\/wp-json\/wp\/v2\/users\/1"}],"replies":[{"embeddable":true,"href":"https:\/\/www.salvadormanjon.com\/index.php\/wp-json\/wp\/v2\/comments?post=2243"}],"version-history":[{"count":0,"href":"https:\/\/www.salvadormanjon.com\/index.php\/wp-json\/wp\/v2\/posts\/2243\/revisions"}],"wp:featuredmedia":[{"embeddable":true,"href":"https:\/\/www.salvadormanjon.com\/index.php\/wp-json\/"}],"wp:attachment":[{"href":"https:\/\/www.salvadormanjon.com\/index.php\/wp-json\/wp\/v2\/media?parent=2243"}],"wp:term":[{"taxonomy":"category","embeddable":true,"href":"https:\/\/www.salvadormanjon.com\/index.php\/wp-json\/wp\/v2\/categories?post=2243"},{"taxonomy":"post_tag","embeddable":true,"href":"https:\/\/www.salvadormanjon.com\/index.php\/wp-json\/wp\/v2\/tags?post=2243"}],"curies":[{"name":"wp","href":"https:\/\/api.w.org\/{rel}","templated":true}]}}