{"id":2247,"date":"2021-04-07T08:19:10","date_gmt":"2021-04-07T06:19:10","guid":{"rendered":"http:\/\/www.salvadormanjon.com\/?p=2247"},"modified":"2021-04-07T08:19:10","modified_gmt":"2021-04-07T06:19:10","slug":"nubarrones-en-nuestro-horizonte","status":"publish","type":"post","link":"https:\/\/www.salvadormanjon.com\/index.php\/2021\/04\/07\/nubarrones-en-nuestro-horizonte\/","title":{"rendered":"Nubarrones en nuestro horizonte"},"content":{"rendered":"<p>Sin saber muy bien todav\u00eda si detr\u00e1s de este an\u00e1lisis se encuentra una verdadera estimaci\u00f3n de la evoluci\u00f3n del mercado, o m\u00e1s una intenci\u00f3n y la justificaci\u00f3n de una postura que se anuncia negativa respecto a la dotaci\u00f3n de fondos extraordinarios al sector para solucionar el grave problemas de excedentes que, a nivel europeo, ha generado esta pandemia en sus bodegas; el hecho es que la Comisi\u00f3n Europea, en su informe de primavera sobre \u201cPerspectivas a corto plazo de los diferentes mercados agrarios en la UE\u201d, en el apartado dedicado al sector vitivin\u00edcola, vaticina unas existencias para final de campa\u00f1a de 167 millones de hectolitros, lo que representar\u00eda una ca\u00edda del 1% respecto la media de los \u00faltimos cinco a\u00f1os. Todo ello gracias a una producci\u00f3n estabilizada en el entorno de los 158 Mhl, una destilaci\u00f3n de un mayor volumen de vino como consecuencia de las medidas extraordinarias adoptadas con la destilaci\u00f3n de crisis de 7 millones de hectolitros, el mantenimiento del consumo per c\u00e1pita en los 24,8 litros y un aumento de las exportaciones del 3%, impulsadas, fundamentalmente, por el levantamiento de los aranceles de Estados Unidos.<\/p>\n<p>Cifras todas ellas que nos alegran y deberemos confiar en que as\u00ed acaben resultando, pero que en nada vienen a solucionar un grave problema de mercado para el que son necesarios muchos m\u00e1s recursos de los que pudieran provenir de los que ya cuenta el sector a trav\u00e9s de sus PASV y que la Comisi\u00f3n parece decidida a no satisfacer. Dando la sensaci\u00f3n de que estas cifras tan positivas, m\u00e1s que una evoluci\u00f3n de la que sentirse satisfechos y esperanzados ante el futuro del sector, encierran un argumento m\u00e1s que a\u00f1adir a la tradicional falta de recursos econ\u00f3micos para justificar la postura que, dentro de dos semanas, deber\u00e1 adoptar la CE sobre la solicitud formulada por Espa\u00f1a y avalada por otros 14 de los 27 pa\u00edses miembros de dotar al sector de fondos extraordinarios.<\/p>\n<p>Mientras esta decisi\u00f3n llega, el sector sigue haciendo su trabajando y presionando para que puedan adoptarse medidas que ayuden a reactivar la actividad comercial y recuperar un cierto equilibrio en un mercado, cuyas cotizaciones est\u00e1n por los suelos y sin saber muy bien si ya han tocado fondo o todav\u00eda deber\u00e1n soportar ca\u00eddas mayores que acent\u00faen los graves problemas financieros que est\u00e1n poniendo en duda la viabilidad de muchas peque\u00f1as bodegas de las m\u00e1s de tres mil que en nuestro pa\u00eds tienen menos de 10 trabajadores y que conforman el verdadero tejido productivo de nuestro sector vitivin\u00edcola.<\/p>\n<p>Situaci\u00f3n que est\u00e1 vi\u00e9ndose fuertemente perjudicada por tensiones internas relacionadas con cuestiones judiciales que nunca deber\u00edan haber llegado a tal extremo. Pues al grave perjuicio que a cada uno de los dos grandes grupos bodegueros involucrados ocasionar\u00e1, habr\u00eda que a\u00f1adir la imagen que sobe el propio modelo de las denominaciones de origen y el control que deben desarrollar sus consejos reguladores est\u00e1 provocando en la mayor\u00eda de los consumidores que, lejos de ver disputas empresariales intestinas y encarnizadas, acaban cuestion\u00e1ndose el valor de esas marcas colectivas.<\/p>\n<p>Inconveniente que dista mucho del vivido en una de las hist\u00f3ricas y, sin duda, la m\u00e1s prestigiosa Denominaciones de Origen de las que contamos en nuestro pa\u00eds, en la que cuestiones de \u00edndole pol\u00edtico y escasamente relacionadas con el propio sector vitivin\u00edcola est\u00e1n obligando a dedicar unos recursos (escasos y tan necesarios para luchar por el mercado en estos momentos tan complicados) a defender su historia e identidad.<\/p>\n<p>Ambas materias, muy diferentes entre s\u00ed pero que, lejos de ayudar, no hacen sino ser un obst\u00e1culo para su recuperaci\u00f3n.<\/p>\n","protected":false},"excerpt":{"rendered":"<p>Sin saber muy bien todav\u00eda si detr\u00e1s de este an\u00e1lisis se encuentra una verdadera estimaci\u00f3n de la evoluci\u00f3n del mercado, o m\u00e1s una intenci\u00f3n y la justificaci\u00f3n de una postura que se anuncia negativa respecto a la dotaci\u00f3n de fondos extraordinarios al sector para solucionar el grave problemas de excedentes que, a nivel europeo, ha [&hellip;]<\/p>\n","protected":false},"author":1,"featured_media":2248,"comment_status":"open","ping_status":"closed","sticky":false,"template":"","format":"standard","meta":{"footnotes":""},"categories":[3],"tags":[],"class_list":["post-2247","post","type-post","status-publish","format-standard","has-post-thumbnail","hentry","category-impresiones"],"_links":{"self":[{"href":"https:\/\/www.salvadormanjon.com\/index.php\/wp-json\/wp\/v2\/posts\/2247","targetHints":{"allow":["GET"]}}],"collection":[{"href":"https:\/\/www.salvadormanjon.com\/index.php\/wp-json\/wp\/v2\/posts"}],"about":[{"href":"https:\/\/www.salvadormanjon.com\/index.php\/wp-json\/wp\/v2\/types\/post"}],"author":[{"embeddable":true,"href":"https:\/\/www.salvadormanjon.com\/index.php\/wp-json\/wp\/v2\/users\/1"}],"replies":[{"embeddable":true,"href":"https:\/\/www.salvadormanjon.com\/index.php\/wp-json\/wp\/v2\/comments?post=2247"}],"version-history":[{"count":0,"href":"https:\/\/www.salvadormanjon.com\/index.php\/wp-json\/wp\/v2\/posts\/2247\/revisions"}],"wp:featuredmedia":[{"embeddable":true,"href":"https:\/\/www.salvadormanjon.com\/index.php\/wp-json\/"}],"wp:attachment":[{"href":"https:\/\/www.salvadormanjon.com\/index.php\/wp-json\/wp\/v2\/media?parent=2247"}],"wp:term":[{"taxonomy":"category","embeddable":true,"href":"https:\/\/www.salvadormanjon.com\/index.php\/wp-json\/wp\/v2\/categories?post=2247"},{"taxonomy":"post_tag","embeddable":true,"href":"https:\/\/www.salvadormanjon.com\/index.php\/wp-json\/wp\/v2\/tags?post=2247"}],"curies":[{"name":"wp","href":"https:\/\/api.w.org\/{rel}","templated":true}]}}