{"id":2290,"date":"2021-06-30T10:47:40","date_gmt":"2021-06-30T08:47:40","guid":{"rendered":"http:\/\/www.salvadormanjon.com\/?p=2290"},"modified":"2021-06-30T10:47:40","modified_gmt":"2021-06-30T08:47:40","slug":"ratificada-la-reforma-de-la-pac","status":"publish","type":"post","link":"https:\/\/www.salvadormanjon.com\/index.php\/2021\/06\/30\/ratificada-la-reforma-de-la-pac\/","title":{"rendered":"Ratificada la reforma de la PAC"},"content":{"rendered":"<p>Con la ratificaci\u00f3n el pasado viernes entre el Consejo y el Parlamento Europeo y el visto bueno del Consejo de Ministros de Agricultura del lunes, la Uni\u00f3n Europea da un paso de gigante en la reforma de su pol\u00edtica m\u00e1s importante, la Agr\u00edcola; a la que los Planes de Apoyo al Sector Vitivin\u00edcola est\u00e1n \u00edntimamente ligados.<\/p>\n<p>Con el mantenimiento de una ficha financiera para la PAC espa\u00f1ola de 47.724 millones de euros para el periodo 2021-27, podr\u00edamos concluir que hemos salvado el primer envite, al tratarse de una cifra similar a la del periodo anterior, en un marco verdaderamente desfavorable. No solo por la cantidad de recursos que habr\u00e1 que destinar a hacer frente a los efectos del Covid-19, sino tambi\u00e9n por la reducci\u00f3n del 15% que provoc\u00f3 la salida del Reino Unido, o el mismo cambio en las prioridades pol\u00edticas. Alteraciones que afectan a una orientaci\u00f3n m\u00e1s social, abordando el relevo generacional, igualdad de g\u00e9nero, equidad y convergencia, programas sectoriales como el que afecta directamente al Vino, Desarrollo Rural, y Organizaci\u00f3n Com\u00fan de los Mercados. Am\u00e9n de aquellas relacionadas con una mayor sensibilidad hacia la sostenibilidad medioambiental, con la introducci\u00f3n de los eco-esquemas.<\/p>\n<p>Con este acuerdo se garantiza, al menos hasta el 2027 el mantenimiento de los Planes de Apoyo al Sector Vitivin\u00edcola, as\u00ed como una ficha financiera que apenas ha disminuido un 5% sobre la anterior. Suponiendo la incorporaci\u00f3n de figuras como el agricultor activo, el r\u00e9gimen de peque\u00f1os productores, los eco-esquemas, la condicionalidad reforzada, la convergencia interna de derechos, los pagos redistributivos, ayudas a j\u00f3venes agricultores, reserva de crisis y medidas de gesti\u00f3n de riesgos. As\u00ed como aquellas otras derivadas de la misma OCM y que afectan al r\u00e9gimen de autorizaciones, prorrogado hasta el 31 de diciembre de 2045; ayuda a los viticultores que reduzcan su producci\u00f3n para hacer frente a desequilibrios graves del mercado; el propio etiquetado del vino que deber\u00e1 incluir el valor energ\u00e9tico y un enlace a la lista de ingredientes; la posibilidad de que las Interprofesionales puedan proporcionar indicadores orientativos de precios de uva para la elaboraci\u00f3n de vinos con D.O.P.\/I.G.P.; o la inclusi\u00f3n de los vinos sin alcohol.<\/p>\n<p>Panorama favorable para un sector que tiene en su misma concepci\u00f3n el respeto al medioambiente, pero que requiere de ayudas que lo fortalezcan, permitan su digitalizaci\u00f3n para hacerlo m\u00e1s competitivo, as\u00ed como otras que complementen una rentabilidad que no siempre encuentran en el mercado, pero que llevan aparejadas tareas tan importantes como la fijaci\u00f3n de la poblaci\u00f3n en el medio rural.<\/p>\n","protected":false},"excerpt":{"rendered":"<p>Con la ratificaci\u00f3n el pasado viernes entre el Consejo y el Parlamento Europeo y el visto bueno del Consejo de Ministros de Agricultura del lunes, la Uni\u00f3n Europea da un paso de gigante en la reforma de su pol\u00edtica m\u00e1s importante, la Agr\u00edcola; a la que los Planes de Apoyo al Sector Vitivin\u00edcola est\u00e1n \u00edntimamente [&hellip;]<\/p>\n","protected":false},"author":1,"featured_media":2291,"comment_status":"open","ping_status":"closed","sticky":false,"template":"","format":"standard","meta":{"footnotes":""},"categories":[3],"tags":[],"class_list":["post-2290","post","type-post","status-publish","format-standard","has-post-thumbnail","hentry","category-impresiones"],"_links":{"self":[{"href":"https:\/\/www.salvadormanjon.com\/index.php\/wp-json\/wp\/v2\/posts\/2290","targetHints":{"allow":["GET"]}}],"collection":[{"href":"https:\/\/www.salvadormanjon.com\/index.php\/wp-json\/wp\/v2\/posts"}],"about":[{"href":"https:\/\/www.salvadormanjon.com\/index.php\/wp-json\/wp\/v2\/types\/post"}],"author":[{"embeddable":true,"href":"https:\/\/www.salvadormanjon.com\/index.php\/wp-json\/wp\/v2\/users\/1"}],"replies":[{"embeddable":true,"href":"https:\/\/www.salvadormanjon.com\/index.php\/wp-json\/wp\/v2\/comments?post=2290"}],"version-history":[{"count":0,"href":"https:\/\/www.salvadormanjon.com\/index.php\/wp-json\/wp\/v2\/posts\/2290\/revisions"}],"wp:featuredmedia":[{"embeddable":true,"href":"https:\/\/www.salvadormanjon.com\/index.php\/wp-json\/"}],"wp:attachment":[{"href":"https:\/\/www.salvadormanjon.com\/index.php\/wp-json\/wp\/v2\/media?parent=2290"}],"wp:term":[{"taxonomy":"category","embeddable":true,"href":"https:\/\/www.salvadormanjon.com\/index.php\/wp-json\/wp\/v2\/categories?post=2290"},{"taxonomy":"post_tag","embeddable":true,"href":"https:\/\/www.salvadormanjon.com\/index.php\/wp-json\/wp\/v2\/tags?post=2290"}],"curies":[{"name":"wp","href":"https:\/\/api.w.org\/{rel}","templated":true}]}}