{"id":2293,"date":"2021-07-07T10:27:14","date_gmt":"2021-07-07T08:27:14","guid":{"rendered":"http:\/\/www.salvadormanjon.com\/?p=2293"},"modified":"2021-07-07T10:27:14","modified_gmt":"2021-07-07T08:27:14","slug":"hacia-una-vitivinicultura-mas-verde-y-social","status":"publish","type":"post","link":"https:\/\/www.salvadormanjon.com\/index.php\/2021\/07\/07\/hacia-una-vitivinicultura-mas-verde-y-social\/","title":{"rendered":"Hacia una vitivinicultura m\u00e1s verde y social"},"content":{"rendered":"<p>Alcanzar un acuerdo del tr\u00edlogo: Comisi\u00f3n Europea, Parlamento y Consejo sobre la reforma de la PAC, sin ning\u00fan g\u00e9nero de dudas es un paso muy importante, ya que de su aplicaci\u00f3n depende la posibilidad de seguir contando con nuestros Planes de Apoyo al Sector Vitivin\u00edcola, de los que tanto nos hemos beneficiado y sin los cu\u00e1les la revoluci\u00f3n que ha vivido el sector, especialmente en el \u00e1mbito enol\u00f3gico y vit\u00edcola, no hubiese sido posible. Lo que no quiere decir que no tengamos grandes retos por delante que, bien pueden suponer un bal\u00f3n de ox\u00edgeno en nuestra conquista de los mercados, o convertirse en un pesado lastre que nos hunda en el fondo de un mar turbulento de precios bajos y calidades mediocres.<\/p>\n<p>La apuesta por una pol\u00edtica agraria m\u00e1s sostenible ambiental y econ\u00f3micamente, verde, social e igualitaria; que ponga en valor la agricultura dignificando su trabajo y permitiendo obtener una renta digna a sus agricultores supone un mensaje que ni es nuevo, ni est\u00e1 exento de importantes desaf\u00edos.<\/p>\n<p>El primero (aunque seguramente no el m\u00e1s sustancial) lo podr\u00edamos encontrar en la necesidad de que todav\u00eda est\u00e1 pendiente el desarrollo de los reglamentos b\u00e1sicos que concreten temas tan importantes como la figura de agricultor activo, el r\u00e9gimen de peque\u00f1os productores, los eco-esquemas, la condicionalidad reforzada, la convergencia interna de derechos, los pagos redistributivos, ayudas a j\u00f3venes agricultores, reserva de crisis o medidas de gesti\u00f3n de riesgos.<\/p>\n<p>El segundo, en la necesidad de que cada Estado miembro debe realizar un Plan Estrat\u00e9gico, marco sobre el que pintar los objetivos, medios y plazos; el cual deber\u00e1 estar finalizado antes de que finalice el a\u00f1o. Que, en el caso de Espa\u00f1a, seg\u00fan declaraciones del propio ministro Planas estar\u00e1 supeditado a su distribuci\u00f3n competencial auton\u00f3mica, lo que podr\u00eda suponer diferentes sensibilidades hacia el sector vitivin\u00edcola.<\/p>\n<p>La tercera cuesti\u00f3n, en no caer en la tentaci\u00f3n de querer enfrentar modelos productivos \u201csostenibles\u201d versus \u201cindustriales\u201d. Filosof\u00eda que ya se lleva varios a\u00f1os apuntando y que cada vez va adquiriendo un cariz peligroso de enfrentamiento, como si estuvi\u00e9ramos hablando de dos modelos enfrentados. Hacer un uso razonable de los recursos h\u00eddricos, utilizar fitosanitarios o fertilizantes de manera localizada y eficiente no tiene por qu\u00e9 estar necesariamente re\u00f1ido con la sostenibilidad y es que olvidamos con cierta facilidad que para que algo sea sostenible debe serlo en tres aspectos: ecol\u00f3gico, social y econ\u00f3mico.<\/p>\n<p>Relegamos con frecuencia que los recursos tecnol\u00f3gicos y conocimientos con los que ahora contamos nada tienen que ver con los de hace unas d\u00e9cadas, y que renunciar a utilizarlos en aras de una mayor rentabilidad que haga posible cumplir con la sostenibilidad econ\u00f3mica, no tiene por qu\u00e9 estar enfrentado con la ecol\u00f3gica y puede resultar imprescindible para alcanzar la social.<\/p>\n<p>Recientemente, con motivo del grave problemas de excedentes que ha generado en el sector el cierre de la hosteler\u00eda, hemos tenido ocasi\u00f3n de comprobar c\u00f3mo gastar decenas de millones de euros en retirar producto del mercado, temporal o definitivamente, no es sin\u00f3nimo de soluci\u00f3n y que no considerar en la asignaci\u00f3n de ayudas aquellos aspectos referidos al mantenimiento de vi\u00f1edo viejo cuya producci\u00f3n es mucho m\u00e1s baja, tampoco es que haya ayudado en nuestro desarrollo.<\/p>\n<p>Pagar por no producir puede ser necesario. Hacerlo por producir calidad y desarrollar un papel social de fijaci\u00f3n de poblaci\u00f3n y relevo generacional, adem\u00e1s de mantener una cubierta vegetal, es fundamental.<\/p>\n","protected":false},"excerpt":{"rendered":"<p>Alcanzar un acuerdo del tr\u00edlogo: Comisi\u00f3n Europea, Parlamento y Consejo sobre la reforma de la PAC, sin ning\u00fan g\u00e9nero de dudas es un paso muy importante, ya que de su aplicaci\u00f3n depende la posibilidad de seguir contando con nuestros Planes de Apoyo al Sector Vitivin\u00edcola, de los que tanto nos hemos beneficiado y sin los [&hellip;]<\/p>\n","protected":false},"author":1,"featured_media":2294,"comment_status":"open","ping_status":"closed","sticky":false,"template":"","format":"standard","meta":{"footnotes":""},"categories":[3],"tags":[],"class_list":["post-2293","post","type-post","status-publish","format-standard","has-post-thumbnail","hentry","category-impresiones"],"_links":{"self":[{"href":"https:\/\/www.salvadormanjon.com\/index.php\/wp-json\/wp\/v2\/posts\/2293","targetHints":{"allow":["GET"]}}],"collection":[{"href":"https:\/\/www.salvadormanjon.com\/index.php\/wp-json\/wp\/v2\/posts"}],"about":[{"href":"https:\/\/www.salvadormanjon.com\/index.php\/wp-json\/wp\/v2\/types\/post"}],"author":[{"embeddable":true,"href":"https:\/\/www.salvadormanjon.com\/index.php\/wp-json\/wp\/v2\/users\/1"}],"replies":[{"embeddable":true,"href":"https:\/\/www.salvadormanjon.com\/index.php\/wp-json\/wp\/v2\/comments?post=2293"}],"version-history":[{"count":0,"href":"https:\/\/www.salvadormanjon.com\/index.php\/wp-json\/wp\/v2\/posts\/2293\/revisions"}],"wp:featuredmedia":[{"embeddable":true,"href":"https:\/\/www.salvadormanjon.com\/index.php\/wp-json\/"}],"wp:attachment":[{"href":"https:\/\/www.salvadormanjon.com\/index.php\/wp-json\/wp\/v2\/media?parent=2293"}],"wp:term":[{"taxonomy":"category","embeddable":true,"href":"https:\/\/www.salvadormanjon.com\/index.php\/wp-json\/wp\/v2\/categories?post=2293"},{"taxonomy":"post_tag","embeddable":true,"href":"https:\/\/www.salvadormanjon.com\/index.php\/wp-json\/wp\/v2\/tags?post=2293"}],"curies":[{"name":"wp","href":"https:\/\/api.w.org\/{rel}","templated":true}]}}