{"id":2304,"date":"2021-07-28T08:13:10","date_gmt":"2021-07-28T06:13:10","guid":{"rendered":"http:\/\/www.salvadormanjon.com\/?p=2304"},"modified":"2021-07-28T08:13:10","modified_gmt":"2021-07-28T06:13:10","slug":"una-nueva-campana-y-los-mismos-problemas","status":"publish","type":"post","link":"https:\/\/www.salvadormanjon.com\/index.php\/2021\/07\/28\/una-nueva-campana-y-los-mismos-problemas\/","title":{"rendered":"Una nueva campa\u00f1a y los mismos problemas"},"content":{"rendered":"<p>Con la entrada en bodega de los primeros racimos de la vendimia 2021\/22, adquieren protagonismo las estimaciones de producci\u00f3n y los posibles precios de uva que puedan marcar mostos y vinos en los primeros compases de campa\u00f1a. Tema que, nos guste o no, se est\u00e1 viendo fuertemente influenciado por un asunto nada menor, como es el Covid-19, y sobre el que bien poco, o nada, puede hacerse desde el sector vitivin\u00edcola salvo soportar, como se puede, las nefastas consecuencias que est\u00e1 teniendo.<\/p>\n<p>Aspirar a que el mercado de la alimentaci\u00f3n, o el impulso dado al comercio electr\u00f3nico, asuma el quebranto ocasionado por el cierre total, durante muchos meses, de la hosteler\u00eda; y las fuertes limitaciones de otros muchos, no solo es en s\u00ed mismo una entelequia, sino que nos conduce a escenarios sencillamente inalcanzables y distorsionadores de una realidad, que requiere de mucho tiempo en sus cambios.<\/p>\n<p>Si a esto le a\u00f1adimos que no es el sector vitivin\u00edcola un colectivo que se caracterice, precisamente por actuar unido y por afrontar los problemas de manera colegiada; es f\u00e1cil entender que, a las presiones naturales del inicio de todas las campa\u00f1as, nos estemos encontrando con numerosas acusaciones de las organizaciones agrarias de incumplimientos por parte de la industria.<\/p>\n<p>Nada que en otras campa\u00f1as no sucediera y que entra dentro de la pura l\u00f3gica con la que act\u00faa el mercado, pero que, en este a\u00f1o, se ve agravado por un ejercicio con fuertes problemas en los precios, existencias todav\u00eda m\u00e1s numerosas de lo que ser\u00eda normal en las bodegas y unas perspectivas de cosecha que, aunque claramente inferior a la del pasado a\u00f1o y ante un escenario europeo igualmente inferior; no tiene muchos visos de ser mucho mejor que el anterior.<\/p>\n<p>Si a eso le a\u00f1adimos una Ley de la cadena de valor que obliga a vigilar el cumplimiento de no vender a p\u00e9rdidas y la publicaci\u00f3n de varios estudios de costes de producci\u00f3n de la uva que no hacen sino situar, a todas las variedades y en pr\u00e1cticamente todas las regiones espa\u00f1olas, los precios de sus uvas por debajo de estos umbrales. Tenemos el caldo de cultivo perfecto para los enfrentamientos, manifestaciones y denuncias que hagan m\u00e1s complicado afrontar la dif\u00edcil situaci\u00f3n sectorial.<\/p>\n<p>Sobre el papel no hay nadie que pueda defender precios por debajo de los costes de producci\u00f3n, ni los que lo producen porque no ser\u00eda posible subsistir, ni los que compran, porque de ellos depende disponer de materia prima con la que elaborar sus vinos que luego comercializan.<\/p>\n<p>Luego el problema lo tenemos superado ese primer punto de partida descriptivo de la situaci\u00f3n ya que, todas las posibles soluciones que se plantean, lo son a un medio y largo plazo.<\/p>\n<p>Afortunadamente las exportaciones, donde colocamos m\u00e1s de la mitad de la producci\u00f3n y m\u00e1s de dos veces y media lo que vedemos en el mercado interior, est\u00e1n funcionando muy bien en los \u00faltimos meses, con fuertes crecimientos tanto en envasados como en graneles, pero a costa de una p\u00e9rdida de valor, reduciendo los precios medios en pr\u00e1cticamente todas las categor\u00edas.<\/p>\n<p>\u00bfEs posible aspirar a aumentar los costes de producci\u00f3n en estas circunstancias?<\/p>\n<p>Deseable y necesario lo es, sin ninguna duda, \u00bfpero posible?<\/p>\n<p>Y, sobre todo, \u00bfsin hacerse un planteamiento sectorial a medio y largo plazo con objetivos muy marcados y cuantificables?<\/p>\n","protected":false},"excerpt":{"rendered":"<p>Con la entrada en bodega de los primeros racimos de la vendimia 2021\/22, adquieren protagonismo las estimaciones de producci\u00f3n y los posibles precios de uva que puedan marcar mostos y vinos en los primeros compases de campa\u00f1a. Tema que, nos guste o no, se est\u00e1 viendo fuertemente influenciado por un asunto nada menor, como es [&hellip;]<\/p>\n","protected":false},"author":1,"featured_media":2305,"comment_status":"open","ping_status":"closed","sticky":false,"template":"","format":"standard","meta":{"footnotes":""},"categories":[3],"tags":[],"class_list":["post-2304","post","type-post","status-publish","format-standard","has-post-thumbnail","hentry","category-impresiones"],"_links":{"self":[{"href":"https:\/\/www.salvadormanjon.com\/index.php\/wp-json\/wp\/v2\/posts\/2304","targetHints":{"allow":["GET"]}}],"collection":[{"href":"https:\/\/www.salvadormanjon.com\/index.php\/wp-json\/wp\/v2\/posts"}],"about":[{"href":"https:\/\/www.salvadormanjon.com\/index.php\/wp-json\/wp\/v2\/types\/post"}],"author":[{"embeddable":true,"href":"https:\/\/www.salvadormanjon.com\/index.php\/wp-json\/wp\/v2\/users\/1"}],"replies":[{"embeddable":true,"href":"https:\/\/www.salvadormanjon.com\/index.php\/wp-json\/wp\/v2\/comments?post=2304"}],"version-history":[{"count":0,"href":"https:\/\/www.salvadormanjon.com\/index.php\/wp-json\/wp\/v2\/posts\/2304\/revisions"}],"wp:featuredmedia":[{"embeddable":true,"href":"https:\/\/www.salvadormanjon.com\/index.php\/wp-json\/"}],"wp:attachment":[{"href":"https:\/\/www.salvadormanjon.com\/index.php\/wp-json\/wp\/v2\/media?parent=2304"}],"wp:term":[{"taxonomy":"category","embeddable":true,"href":"https:\/\/www.salvadormanjon.com\/index.php\/wp-json\/wp\/v2\/categories?post=2304"},{"taxonomy":"post_tag","embeddable":true,"href":"https:\/\/www.salvadormanjon.com\/index.php\/wp-json\/wp\/v2\/tags?post=2304"}],"curies":[{"name":"wp","href":"https:\/\/api.w.org\/{rel}","templated":true}]}}