{"id":2426,"date":"2022-03-10T11:13:35","date_gmt":"2022-03-10T09:13:35","guid":{"rendered":"http:\/\/www.salvadormanjon.com\/?p=2426"},"modified":"2022-03-10T11:13:35","modified_gmt":"2022-03-10T09:13:35","slug":"un-sector-que-apuesta-por-la-paz","status":"publish","type":"post","link":"https:\/\/www.salvadormanjon.com\/index.php\/2022\/03\/10\/un-sector-que-apuesta-por-la-paz\/","title":{"rendered":"Un sector que apuesta por la Paz"},"content":{"rendered":"<p>Es m\u00e1s que probable que, con el escenario b\u00e9lico que vivimos, cualquier informaci\u00f3n vitivin\u00edcola pueda parecer irrelevante. Incluso aquella relacionada con las posibles consecuencias que este conflicto pudiera tener sobre el negocio vitivin\u00edcola que mantenemos con los pa\u00edses afectados.<\/p>\n<p>Y digo pa\u00edses afectados, ya que son mucho m\u00e1s que los directamente implicados: Rusia y Ucrania. Colindantes como Bielorrusia, Polonia, Eslovaquia, Hungr\u00eda, Ruman\u00eda y Moldavia; o de la \u00f3rbita de las antiguas Rep\u00fablicas Sovi\u00e9ticas como son los pa\u00edses b\u00e1lticos: Letonia, Estonia y Lituania. Los que se est\u00e1n viendo damnificados <em>de facto<\/em> por la situaci\u00f3n, en la que la Uni\u00f3n Europea y Estados Unidos, principalmente, intentan hacer frente a carros de combate y fusiles, con sanciones econ\u00f3micas y el estrangulamiento de la econom\u00eda rusa. Consecuencias comerciales que ser\u00e1n mucho mayores conforme vaya dilat\u00e1ndose la escalada b\u00e9lica.<\/p>\n<p>Salvadas las oportunas obviedades de nuestro ferviente deseo de que esta situaci\u00f3n acabe r\u00e1pidamente y se respete la libertad del pueblo ucraniano; las posibilidades de que el comercio internacional vitivin\u00edcola acabe vi\u00e9ndose afectado por las sanciones impuestas son muchas y de gran importancia.<\/p>\n<p>Nuestra fuerte dependencia del mercado exterior, las implicaciones que est\u00e1 situaci\u00f3n est\u00e1 teniendo en las subidas de coste de las materias primas y energ\u00e9ticas, y las pronunciadas escaladas de los precios que est\u00e1n poniendo en serio peligro la estabilidad necesaria para el desarrollo de la econom\u00eda; hacen necesaria la reasignaci\u00f3n de recursos y anotar en probables la p\u00e9rdida de importantes cantidades que, inicialmente, iban asignadas a la recuperaci\u00f3n de los efectos de la pandemia, de la que ya apenas nos acordamos, pero cuyos efectos han sido de tal magnitud que ha obligado a la Uni\u00f3n Europea a emitir deuda p\u00fablica mancomunada por primera vez en su historia.<\/p>\n<p>Claro que, para cambios los que se han producido en la diplomacia, donde, por primera vez se ha escuchado a la Uni\u00f3n Europea con una voz \u00fanica.<\/p>\n<p>Pero volviendo al tema que nos deber\u00eda ocupar en una revista sectorial como esta, las consecuencias a las que deberemos enfrentarnos van mucho m\u00e1s all\u00e1 de los 24\u20192 millones de euros que le facturamos a Rusia el pasado a\u00f1o y los 16\u20192 a Ucrania. Los 7\u20197 M\u20ac de Bielorrusia, incluso los 26\u20195 de Letonia y 16\u20194 de Lituania, seg\u00fan el OEMV, que tambi\u00e9n podr\u00edan verse fuertemente afectados.<\/p>\n<p>Todos mercados con fuertes vasos comunicantes en los que las bodegas espa\u00f1olas han realizados importantes esfuerzos en la \u00faltima d\u00e9cada por hacerse un hueco, que ahora est\u00e1n en peligro. Un buen ejemplo, podr\u00edan ser los referidos a Ucrania, que ha pasado de 6\u2019788 millones de litros de vino espa\u00f1ol en el 2012 por un valor de 4\u2019364 millones de euros, a los 13\u201966 Mltr y los 16\u2019172 M\u20ac en 2021.<\/p>\n<p>Y, aunque no sea comparable, no debi\u00e9ramos perder de vista la iniciativa adoptada por la Interprofesional Vit\u00edcola de Francia de cara a reducir sus fluctuaciones de cosecha, con las que \u201ccorren el riesgo de no tener suficiente oferta para atender la demanda de los mercados\u201d que, apoyada por el Consejo Vitivin\u00edcola de FranceAgriMer, han llamado \u201creserva clim\u00e1tica\u201d y que no ser\u00eda m\u00e1s que una actualizaci\u00f3n de los contratos de almacenamiento privado y supondr\u00eda una amenaza a ese volumen de vino espa\u00f1ol que cubre estas eventualidades.<\/p>\n","protected":false},"excerpt":{"rendered":"<p>Es m\u00e1s que probable que, con el escenario b\u00e9lico que vivimos, cualquier informaci\u00f3n vitivin\u00edcola pueda parecer irrelevante. Incluso aquella relacionada con las posibles consecuencias que este conflicto pudiera tener sobre el negocio vitivin\u00edcola que mantenemos con los pa\u00edses afectados. Y digo pa\u00edses afectados, ya que son mucho m\u00e1s que los directamente implicados: Rusia y Ucrania. [&hellip;]<\/p>\n","protected":false},"author":1,"featured_media":2283,"comment_status":"open","ping_status":"closed","sticky":false,"template":"","format":"standard","meta":{"footnotes":""},"categories":[3],"tags":[],"class_list":["post-2426","post","type-post","status-publish","format-standard","has-post-thumbnail","hentry","category-impresiones"],"_links":{"self":[{"href":"https:\/\/www.salvadormanjon.com\/index.php\/wp-json\/wp\/v2\/posts\/2426","targetHints":{"allow":["GET"]}}],"collection":[{"href":"https:\/\/www.salvadormanjon.com\/index.php\/wp-json\/wp\/v2\/posts"}],"about":[{"href":"https:\/\/www.salvadormanjon.com\/index.php\/wp-json\/wp\/v2\/types\/post"}],"author":[{"embeddable":true,"href":"https:\/\/www.salvadormanjon.com\/index.php\/wp-json\/wp\/v2\/users\/1"}],"replies":[{"embeddable":true,"href":"https:\/\/www.salvadormanjon.com\/index.php\/wp-json\/wp\/v2\/comments?post=2426"}],"version-history":[{"count":0,"href":"https:\/\/www.salvadormanjon.com\/index.php\/wp-json\/wp\/v2\/posts\/2426\/revisions"}],"wp:featuredmedia":[{"embeddable":true,"href":"https:\/\/www.salvadormanjon.com\/index.php\/wp-json\/"}],"wp:attachment":[{"href":"https:\/\/www.salvadormanjon.com\/index.php\/wp-json\/wp\/v2\/media?parent=2426"}],"wp:term":[{"taxonomy":"category","embeddable":true,"href":"https:\/\/www.salvadormanjon.com\/index.php\/wp-json\/wp\/v2\/categories?post=2426"},{"taxonomy":"post_tag","embeddable":true,"href":"https:\/\/www.salvadormanjon.com\/index.php\/wp-json\/wp\/v2\/tags?post=2426"}],"curies":[{"name":"wp","href":"https:\/\/api.w.org\/{rel}","templated":true}]}}