{"id":2502,"date":"2022-10-06T10:24:46","date_gmt":"2022-10-06T08:24:46","guid":{"rendered":"http:\/\/www.salvadormanjon.com\/?p=2502"},"modified":"2022-10-06T10:24:46","modified_gmt":"2022-10-06T08:24:46","slug":"incertidumbre-ajena-al-sector","status":"publish","type":"post","link":"https:\/\/www.salvadormanjon.com\/index.php\/2022\/10\/06\/incertidumbre-ajena-al-sector\/","title":{"rendered":"Incertidumbre ajena al sector"},"content":{"rendered":"<p>De preocupante podr\u00eda calificarse la paralizaci\u00f3n que vive el sector, pues, si bien en otras ocasiones hemos asistido a momentos en los que una de las partes parec\u00eda no querer saber nada de los vinos o mostos y limitaba sus contactos al estricto mantenimiento y reposici\u00f3n m\u00ednima de existencias; en la actualidad, es que no hay nadie que d\u00e9 se\u00f1ales del m\u00e1s m\u00ednimo inter\u00e9s por acercarse al mercado y tantear la situaci\u00f3n. Aunque tan solo fuera por saber si existe alguna posibilidad de cerrar alguna transacci\u00f3n en condiciones muy ventajosas.<\/p>\n<p>Sin duda, una parte del problema reside en el sector y los datos de existencias, as\u00ed como las estimaciones de cosecha, que tambi\u00e9n tendr\u00e1n su parte de responsabilidad. Pero, con certeza, debe haber algo m\u00e1s, algo que nada tiene que ver con el sector, algo mucho m\u00e1s elevado que est\u00e9 relacionado con la situaci\u00f3n pol\u00edtica, econ\u00f3mica, social y b\u00e9lica en la que estamos inmersos.<\/p>\n<p>Y es que, si la experiencia nos ha demostrado que todo es susceptible de empeorar y que mejor no demos por superado algo que puede complicarse hasta el infinito y m\u00e1s all\u00e1. La situaci\u00f3n no deja de sorprender. Unas existencias contenidas, una producci\u00f3n en el margen inferior de la horquilla y un contexto que podr\u00edamos extender al resto de los principales pa\u00edses productores; no se corresponden con la par\u00e1lisis y ausencia de inter\u00e9s de las que estamos siendo testigo.<\/p>\n<p>Coyuntura que empieza a tener su reflejo en los datos sectoriales publicados y referidos tanto al consumo interno como exterior. Pues si bien, al partir de un a\u00f1o en el que la pandemia todav\u00eda formaba parte de nuestras vidas y sus efectos en el consumo eran todav\u00eda muy palmarios, los datos interanuales pudieran llegar a parecer hasta alentadores. Lo cierto es que, viendo cu\u00e1l es el escenario de los \u00faltimos meses, nos llevan a una realidad bien distinta. \u00bfConsolidada?, pues no lo s\u00e9, pero s\u00ed, al menos, preocupante.<\/p>\n<p>Todos sabemos, al margen de debates pol\u00edticos (que encierran mucho m\u00e1s de inter\u00e9s electoral que de verdaderas medidas de calado en las reformas propuestas), que nos encontramos inmersos en una circunstancia excepcional y que, como tal, es necesario \u201cenfriar\u201d la econom\u00eda para bajar la inflaci\u00f3n. Pero tenemos que hacerlo con sumo cuidado, no vaya a ser que nos pasemos de frenada y entremos en recesi\u00f3n. Pero, al mismo tiempo, necesitamos aumentar la renta disponible de unas familias y empresas que est\u00e1n viendo crecer los costes de manera descontrolada e inasumible, al no poder ser traslados al precio final de los productos en toda su cuant\u00eda. Que esto est\u00e1 restando capacidad de ahorro, una posibilidad que para una inmensa mayor\u00eda est\u00e1 totalmente esquilmada. Bajo un escenario de tipos de inter\u00e9s crecientes y fuertes restricciones al cr\u00e9dito que dificultan mucho la financiaci\u00f3n y anuncian aumentos peligrosos de morosidad.<\/p>\n<p>No podemos, por tanto, sorprendernos (s\u00ed preocuparnos) en un escenario como el actual de que el inter\u00e9s de los operadores se encuentre muy contenido y que todos quieran trasladar al otro los posibles costes que suponga la inmovilizaci\u00f3n de un producto del que existe la total seguridad de poder abastecerse cuando escampe la situaci\u00f3n y el horizonte anuncie una recuperaci\u00f3n del consumo.<\/p>\n","protected":false},"excerpt":{"rendered":"<p>De preocupante podr\u00eda calificarse la paralizaci\u00f3n que vive el sector, pues, si bien en otras ocasiones hemos asistido a momentos en los que una de las partes parec\u00eda no querer saber nada de los vinos o mostos y limitaba sus contactos al estricto mantenimiento y reposici\u00f3n m\u00ednima de existencias; en la actualidad, es que no [&hellip;]<\/p>\n","protected":false},"author":1,"featured_media":2452,"comment_status":"open","ping_status":"closed","sticky":false,"template":"","format":"standard","meta":{"footnotes":""},"categories":[3],"tags":[],"class_list":["post-2502","post","type-post","status-publish","format-standard","has-post-thumbnail","hentry","category-impresiones"],"_links":{"self":[{"href":"https:\/\/www.salvadormanjon.com\/index.php\/wp-json\/wp\/v2\/posts\/2502","targetHints":{"allow":["GET"]}}],"collection":[{"href":"https:\/\/www.salvadormanjon.com\/index.php\/wp-json\/wp\/v2\/posts"}],"about":[{"href":"https:\/\/www.salvadormanjon.com\/index.php\/wp-json\/wp\/v2\/types\/post"}],"author":[{"embeddable":true,"href":"https:\/\/www.salvadormanjon.com\/index.php\/wp-json\/wp\/v2\/users\/1"}],"replies":[{"embeddable":true,"href":"https:\/\/www.salvadormanjon.com\/index.php\/wp-json\/wp\/v2\/comments?post=2502"}],"version-history":[{"count":0,"href":"https:\/\/www.salvadormanjon.com\/index.php\/wp-json\/wp\/v2\/posts\/2502\/revisions"}],"wp:featuredmedia":[{"embeddable":true,"href":"https:\/\/www.salvadormanjon.com\/index.php\/wp-json\/"}],"wp:attachment":[{"href":"https:\/\/www.salvadormanjon.com\/index.php\/wp-json\/wp\/v2\/media?parent=2502"}],"wp:term":[{"taxonomy":"category","embeddable":true,"href":"https:\/\/www.salvadormanjon.com\/index.php\/wp-json\/wp\/v2\/categories?post=2502"},{"taxonomy":"post_tag","embeddable":true,"href":"https:\/\/www.salvadormanjon.com\/index.php\/wp-json\/wp\/v2\/tags?post=2502"}],"curies":[{"name":"wp","href":"https:\/\/api.w.org\/{rel}","templated":true}]}}