{"id":2525,"date":"2022-12-09T10:39:09","date_gmt":"2022-12-09T08:39:09","guid":{"rendered":"http:\/\/www.salvadormanjon.com\/?p=2525"},"modified":"2022-12-09T10:39:09","modified_gmt":"2022-12-09T08:39:09","slug":"era-cuestion-de-tiempo-que-acabase-sucediendo","status":"publish","type":"post","link":"https:\/\/www.salvadormanjon.com\/index.php\/2022\/12\/09\/era-cuestion-de-tiempo-que-acabase-sucediendo\/","title":{"rendered":"Era cuesti\u00f3n de tiempo que acabase sucediendo"},"content":{"rendered":"<p>Del mismo modo que m\u00e1s pronto que tarde la situaci\u00f3n de paralizaci\u00f3n que vive el mercado de vino a granel, el de volumen, el de reposici\u00f3n de existencias en las bodegas, el de almacenaje; as\u00ed como el de las exportaciones y comercializaci\u00f3n en el mercado interior, tendr\u00eda su reflejo en las fuentes estad\u00edsticas del Infovi y los informes de exportaci\u00f3n (como antes lo tuvieron en las cotizaciones semanales de los vinos, mostos y derivados); y acabar\u00e1 dando paso a una reactivaci\u00f3n de la actividad comercial y recuperaci\u00f3n de precios. Era cuesti\u00f3n de tiempo que alguna bodega fuera tomada como reh\u00e9n para acusarla de discriminaci\u00f3n.<\/p>\n<p>Encima Wines de Molinaseca (Le\u00f3n) ha sido la elegida, siendo acusada por el Instituto de la Mujer, dependiente del Ministerio de Igualdad que dirige Irene Montero, de \u201ccosificaci\u00f3n femenina\u201d. Su acusaci\u00f3n: sexualizar la imagen de la mujer con fines promocionales. Inst\u00e1ndole a retirar una valla publicitaria que tienen en el acceso a la bodega. Imagen que se trata de una obra pict\u00f3rica que Josep Moscard\u00f3 cre\u00f3 en 2008 para la bodega, con la que pretend\u00eda reflejar \u201cel mar Mediterr\u00e1neo, la playa y el demasiado coraz\u00f3n\u201d. Nombre del vino para el que fue encargada esta obra, con la que ha ilustrado su etiqueta desde la cosecha 2009 en la que sali\u00f3 al mercado, hasta la 2019, que ha sido la \u00faltima en ver la luz. Finalmente, el Instituto de la Mujer parece que ha rectificado, al entender que su requerimiento era \u201cdesproporcionado\u201d.<\/p>\n<p>Ataque que se une a los anteriormente realizados por otros ministerios y que iban encaminados a demonizar el consumo del vino, sac\u00e1ndolo de la pir\u00e1mide nutricional y poniendo el foco en su contenido alcoh\u00f3lico. O a los intentos de algunos parlamentarios europeos, como el que protagonizaron con la publicaci\u00f3n del Plan Europeo de Lucha contra el C\u00e1ncer y la utilizaci\u00f3n de im\u00e1genes que desincentivaran el consumo de alcohol, cualquier tipo de alcohol, similares a las que aparecen en las cajetillas de tabaco. O a la utilizaci\u00f3n del etiquetado nutricional Nutri-score para bebidas alcoh\u00f3licas y la creaci\u00f3n de la categor\u00eda Negra F para cualquier bebida con contenido superior a 1\u20192% vol. alc.<\/p>\n<p>Muchas iniciativas que tienen su foco en el Vino y que buscan la reducci\u00f3n de su consumo y, consecuentemente, la desaparici\u00f3n de muchas hect\u00e1reas de vi\u00f1edo y el cierre de bodegas.<\/p>\n<p>Que esta situaci\u00f3n no sea exclusiva nuestra y que el franc\u00e9s Colectivo de Viticultores del 33 (en la Gironde, donde se enclava Burdeos) reclame el arranque de entre 10.000 y 15.000 hect\u00e1reas (sobre un 10% de su superficie), para equilibrar el mercado; deber\u00eda hacernos reflexionar hacia d\u00f3nde se dirige el futuro del sector.<\/p>\n<p>Ya no solo es que producciones \u201ccommodity\u201d como la nuestra, utilizada por los principales pa\u00edses comercializadores, entre los que destaca como n\u00famero uno Francia, se vean fuertemente afectadas por situaciones de paralizaci\u00f3n econ\u00f3mica y restricciones en el consumo de bienes, especialmente los no b\u00e1sicos. Sino que tambi\u00e9n los que presumen de ser los que mejor lo hacen en esto del vino, se enfrentan a una situaci\u00f3n de falta de rentabilidad al ver como la cotizaci\u00f3n de su tonel de vino a granel (900 litros) cotiza por debajo de los 700 euros.<\/p>\n<p>As\u00ed como sobre la forma m\u00e1s apropiada de defendernos ante estos ataques. Pues si, una parte importante del sector vitivin\u00edcola europeo defiende que la diferenciaci\u00f3n es la \u00fanica forma de salir airosos de esta situaci\u00f3n; tambi\u00e9n los hay quienes defienden que, precisamente, de la mano del resto de productos agroalimentarios ser\u00e1 posible hacer frente al acoso al que se nos somete por nuestro contenido alcoh\u00f3lico.<\/p>\n","protected":false},"excerpt":{"rendered":"<p>Del mismo modo que m\u00e1s pronto que tarde la situaci\u00f3n de paralizaci\u00f3n que vive el mercado de vino a granel, el de volumen, el de reposici\u00f3n de existencias en las bodegas, el de almacenaje; as\u00ed como el de las exportaciones y comercializaci\u00f3n en el mercado interior, tendr\u00eda su reflejo en las fuentes estad\u00edsticas del Infovi [&hellip;]<\/p>\n","protected":false},"author":1,"featured_media":1659,"comment_status":"open","ping_status":"closed","sticky":false,"template":"","format":"standard","meta":{"footnotes":""},"categories":[3],"tags":[],"class_list":["post-2525","post","type-post","status-publish","format-standard","has-post-thumbnail","hentry","category-impresiones"],"_links":{"self":[{"href":"https:\/\/www.salvadormanjon.com\/index.php\/wp-json\/wp\/v2\/posts\/2525","targetHints":{"allow":["GET"]}}],"collection":[{"href":"https:\/\/www.salvadormanjon.com\/index.php\/wp-json\/wp\/v2\/posts"}],"about":[{"href":"https:\/\/www.salvadormanjon.com\/index.php\/wp-json\/wp\/v2\/types\/post"}],"author":[{"embeddable":true,"href":"https:\/\/www.salvadormanjon.com\/index.php\/wp-json\/wp\/v2\/users\/1"}],"replies":[{"embeddable":true,"href":"https:\/\/www.salvadormanjon.com\/index.php\/wp-json\/wp\/v2\/comments?post=2525"}],"version-history":[{"count":0,"href":"https:\/\/www.salvadormanjon.com\/index.php\/wp-json\/wp\/v2\/posts\/2525\/revisions"}],"wp:featuredmedia":[{"embeddable":true,"href":"https:\/\/www.salvadormanjon.com\/index.php\/wp-json\/"}],"wp:attachment":[{"href":"https:\/\/www.salvadormanjon.com\/index.php\/wp-json\/wp\/v2\/media?parent=2525"}],"wp:term":[{"taxonomy":"category","embeddable":true,"href":"https:\/\/www.salvadormanjon.com\/index.php\/wp-json\/wp\/v2\/categories?post=2525"},{"taxonomy":"post_tag","embeddable":true,"href":"https:\/\/www.salvadormanjon.com\/index.php\/wp-json\/wp\/v2\/tags?post=2525"}],"curies":[{"name":"wp","href":"https:\/\/api.w.org\/{rel}","templated":true}]}}