{"id":2538,"date":"2023-01-19T11:22:33","date_gmt":"2023-01-19T09:22:33","guid":{"rendered":"http:\/\/www.salvadormanjon.com\/?p=2538"},"modified":"2023-01-19T11:22:33","modified_gmt":"2023-01-19T09:22:33","slug":"irlanda-incluye-un-etiquetado-para-el-vino-similar-al-del-tabaco","status":"publish","type":"post","link":"https:\/\/www.salvadormanjon.com\/index.php\/2023\/01\/19\/irlanda-incluye-un-etiquetado-para-el-vino-similar-al-del-tabaco\/","title":{"rendered":"Irlanda incluye un etiquetado para el vino similar al del tabaco"},"content":{"rendered":"<p>Ni es nuevo, ni ser\u00e1 la \u00faltima vez que debamos abordar un tema tan importante para el futuro de nuestro sector, como el referido a su etiquetado y las posibles advertencias sanitarias a incluir sobre la relaci\u00f3n entre el consumo de alcohol y la aparici\u00f3n de c\u00e1nceres.<\/p>\n<p>Nuestros lectores saben, y est\u00e1n al corriente, que se trata de una batalla que, lleva librando el sector en la Uni\u00f3n Europea desde hace muchos a\u00f1os, representando una grav\u00edsima amenaza y por la que hemos vivido momentos muy delicados en los que tomaba fuerte protagonismo la idea de acabar teniendo que etiquetar con avisos similares a los del tabaco.<\/p>\n<p>Sabemos que hay grupos pol\u00edticos en Europa y Espa\u00f1a que est\u00e1n empecinados en centrarse en el contenido alcoh\u00f3lico del vino, olvid\u00e1ndose de todo lo que representa un consumo moderado y asociado a la Dieta Mediterr\u00e1nea. Considerando cualquier tipo de alcohol y graduaci\u00f3n, sin la m\u00e1s elemental diferenciaci\u00f3n.<\/p>\n<p>La amenaza sigue siendo muy importante y la autorizaci\u00f3n conseguida por Irlanda para incluir advertencias sanitarias en el etiquetado de los vinos, similares a las del tabaco, en las que se relacionen consumo de vino y riesgos de aparici\u00f3n de c\u00e1nceres genera un peligroso antecedente.<\/p>\n<p>Sabemos que Europa no se caracteriza, precisamente, por comportarse como un solo Estado, las importantes diferencias existentes entre los Estados Miembros en algunas cuestiones, como ahora podr\u00eda ser esta, pone en peligro la legislaci\u00f3n armonizada del Mercado \u00danico y abre la posibilidad de que esta postura acabase imit\u00e1ndose por otros Estados Miembros.<\/p>\n<p>Italia ya ha reaccionado y pedir\u00e1 a la Comisi\u00f3n Europea (CE) que intervenga, Francia se mantiene callada de momento y Espa\u00f1a\u2026 En Espa\u00f1a habr\u00e1 que ver qu\u00e9 parte del Gobierno acaba imponi\u00e9ndose, pues, como es bien conocido, mientras la postura defendida por el ministro de Agricultura, Luis Planas, es defender la concepci\u00f3n como alimento del Vino y la necesidad de preservar la diferenciaci\u00f3n entre el consumo abusivo y el moderado y el origen de cada uno de los alcoholes; la otra ala, encabezada por el ministro de Consumo, Alberto Garz\u00f3n, es ir contra el vino y cualquiera que sea su consumo.<\/p>\n<p>Es mucho lo que nos jugamos y aprovechar este calendario prelectoral que nos ha de acompa\u00f1ar a lo largo de todo este a\u00f1o podr\u00eda ser una oportunidad de la que, Dios quiera, no nos tengamos que arrepentir de no haberla dejado pasar.<\/p>\n","protected":false},"excerpt":{"rendered":"<p>Ni es nuevo, ni ser\u00e1 la \u00faltima vez que debamos abordar un tema tan importante para el futuro de nuestro sector, como el referido a su etiquetado y las posibles advertencias sanitarias a incluir sobre la relaci\u00f3n entre el consumo de alcohol y la aparici\u00f3n de c\u00e1nceres. Nuestros lectores saben, y est\u00e1n al corriente, que [&hellip;]<\/p>\n","protected":false},"author":1,"featured_media":2275,"comment_status":"open","ping_status":"closed","sticky":false,"template":"","format":"standard","meta":{"footnotes":""},"categories":[3],"tags":[],"class_list":["post-2538","post","type-post","status-publish","format-standard","has-post-thumbnail","hentry","category-impresiones"],"_links":{"self":[{"href":"https:\/\/www.salvadormanjon.com\/index.php\/wp-json\/wp\/v2\/posts\/2538","targetHints":{"allow":["GET"]}}],"collection":[{"href":"https:\/\/www.salvadormanjon.com\/index.php\/wp-json\/wp\/v2\/posts"}],"about":[{"href":"https:\/\/www.salvadormanjon.com\/index.php\/wp-json\/wp\/v2\/types\/post"}],"author":[{"embeddable":true,"href":"https:\/\/www.salvadormanjon.com\/index.php\/wp-json\/wp\/v2\/users\/1"}],"replies":[{"embeddable":true,"href":"https:\/\/www.salvadormanjon.com\/index.php\/wp-json\/wp\/v2\/comments?post=2538"}],"version-history":[{"count":0,"href":"https:\/\/www.salvadormanjon.com\/index.php\/wp-json\/wp\/v2\/posts\/2538\/revisions"}],"wp:featuredmedia":[{"embeddable":true,"href":"https:\/\/www.salvadormanjon.com\/index.php\/wp-json\/"}],"wp:attachment":[{"href":"https:\/\/www.salvadormanjon.com\/index.php\/wp-json\/wp\/v2\/media?parent=2538"}],"wp:term":[{"taxonomy":"category","embeddable":true,"href":"https:\/\/www.salvadormanjon.com\/index.php\/wp-json\/wp\/v2\/categories?post=2538"},{"taxonomy":"post_tag","embeddable":true,"href":"https:\/\/www.salvadormanjon.com\/index.php\/wp-json\/wp\/v2\/tags?post=2538"}],"curies":[{"name":"wp","href":"https:\/\/api.w.org\/{rel}","templated":true}]}}