{"id":2540,"date":"2023-01-26T11:53:24","date_gmt":"2023-01-26T09:53:24","guid":{"rendered":"http:\/\/www.salvadormanjon.com\/?p=2540"},"modified":"2023-01-26T11:53:24","modified_gmt":"2023-01-26T09:53:24","slug":"reformas-y-datos-de-exportacion-que-toman-el-pulso","status":"publish","type":"post","link":"https:\/\/www.salvadormanjon.com\/index.php\/2023\/01\/26\/reformas-y-datos-de-exportacion-que-toman-el-pulso\/","title":{"rendered":"Reformas y datos de exportaci\u00f3n que toman el pulso"},"content":{"rendered":"<p>Consecuencia de la reforma de la PAC, el pasado Consejo de Ministros del 24 de enero, modificaba el Real Decreto 1338\/2018 por el que regula el potencial de producci\u00f3n vit\u00edcola. En \u00e9l se concreta el criterio de prioridad para las explotaciones vit\u00edcolas, indica los requisitos que se van a solicitar para comprobar su cumplimiento y los ajusta para tenerlos en cuenta solo en la superficie de vi\u00f1edo y no en el total de la explotaci\u00f3n.<\/p>\n<p>Al criterio de prioridad de las nuevas plantaciones medianas, se a\u00f1ade una excepcionalidad para el establecimiento de colecciones de variedades de vid, se autoriza la transferencia de las autorizaciones para el caso de disoluci\u00f3n de una explotaci\u00f3n compartida y se actualiza la lista de variedades de uva de vinificaci\u00f3n autorizadas. Aplic\u00e1ndose con efecto retroactivo a las solicitudes presentadas desde el 15 de enero de este a\u00f1o.<\/p>\n<p>Otra de las consecuencias, esta mucho peor, recibida por los viticultores de la nueva PAC es la intenci\u00f3n de la Comisi\u00f3n Europea de proponer un objetivo de reducci\u00f3n, que podr\u00eda llegar al 60%, en el uso de fitosanitarios.<\/p>\n<p>Desde el sector productor, encabezado por las cooperativas vitivin\u00edcolas de los tres principales pa\u00edses elaboradores europeos (Francia, Italia y Espa\u00f1a) no han tardado en reaccionar y han solicitado al Parlamento Europeo que, antes de tomar ninguna decisi\u00f3n al respecto, eval\u00fae las consecuencias que ello podr\u00eda tener sobre el sector y su competitividad ante la falta de alternativas claras.<\/p>\n<p>Si importante es hablar de sostenibilidad medioambiental, no se pueden olvidar las otras dos grandes patas sobre las que se sustenta, que son la econ\u00f3mica y social. No vaya a ser que, en un futuro no muy lejano, se encuentren con que no son necesarias medidas de reducci\u00f3n al haber obligado al abandono de la producci\u00f3n, la despoblaci\u00f3n de las comarcas rurales, el empobrecimiento de los pueblos y el deterioro medioambiental.<\/p>\n<p>En un entorno en el que algunos productores amenazan con el abandono de vi\u00f1edos en zonas emblem\u00e1ticas de Francia, o solicitan la aplicaci\u00f3n de medidas excepcionales de mercado que ayuden a sostener los precios gracias a la retirada de una parte de la producci\u00f3n, bien v\u00eda destilaci\u00f3n para esta campa\u00f1a o incluso yendo un paso m\u00e1s all\u00e1, de cara a la siguiente con la puesta en marcha de la vendimia en verde. Donde los precios percibidos por los viticultores est\u00e1n siendo ruinosos, inferiores incluso a los propios costes de producci\u00f3n en algunos casos, seg\u00fan denuncian algunas organizaciones agrarias\u2026 Este anuncio de la Comisi\u00f3n ha sido percibido como un jarro de agua fr\u00eda que, no por previsible, deja de resultar inconveniente y puede suponer la puntilla para algunos viticultores.<\/p>\n<p>En noviembre 2022 ha ca\u00eddo la facturaci\u00f3n de la exportaci\u00f3n un 1\u20198% con respecto al mismo mes del a\u00f1o anterior, rompiendo una racha positiva de 20 meses en la que solo marzo 22 present\u00f3 datos negativos. Manteni\u00e9ndose la tendencia descendente en el volumen se situaba en el 2\u20191% en el dato mensual. En tasa interanual (TAM) esta ca\u00edda del volumen se acent\u00faa y llega al -9\u20196%, aunque el valor sigue en positivo (+3\u20191%) y se queda en 2.977\u20198 M\u20ac solo en vino.<\/p>\n<p>Los vinos tranquilos con I.G.P. a granel son los que m\u00e1s pierden en noviembre (-62\u20198%) y los tranquilos con D.O.P. envasados ceden un -21\u20190% de su volumen. Destacando la ca\u00edda del -35\u20197% de los mostos en un mes especialmente importante para este producto.<\/p>\n<p>&nbsp;<\/p>\n","protected":false},"excerpt":{"rendered":"<p>Consecuencia de la reforma de la PAC, el pasado Consejo de Ministros del 24 de enero, modificaba el Real Decreto 1338\/2018 por el que regula el potencial de producci\u00f3n vit\u00edcola. En \u00e9l se concreta el criterio de prioridad para las explotaciones vit\u00edcolas, indica los requisitos que se van a solicitar para comprobar su cumplimiento y [&hellip;]<\/p>\n","protected":false},"author":1,"featured_media":1568,"comment_status":"open","ping_status":"closed","sticky":false,"template":"","format":"standard","meta":{"footnotes":""},"categories":[3],"tags":[],"class_list":["post-2540","post","type-post","status-publish","format-standard","has-post-thumbnail","hentry","category-impresiones"],"_links":{"self":[{"href":"https:\/\/www.salvadormanjon.com\/index.php\/wp-json\/wp\/v2\/posts\/2540","targetHints":{"allow":["GET"]}}],"collection":[{"href":"https:\/\/www.salvadormanjon.com\/index.php\/wp-json\/wp\/v2\/posts"}],"about":[{"href":"https:\/\/www.salvadormanjon.com\/index.php\/wp-json\/wp\/v2\/types\/post"}],"author":[{"embeddable":true,"href":"https:\/\/www.salvadormanjon.com\/index.php\/wp-json\/wp\/v2\/users\/1"}],"replies":[{"embeddable":true,"href":"https:\/\/www.salvadormanjon.com\/index.php\/wp-json\/wp\/v2\/comments?post=2540"}],"version-history":[{"count":0,"href":"https:\/\/www.salvadormanjon.com\/index.php\/wp-json\/wp\/v2\/posts\/2540\/revisions"}],"wp:featuredmedia":[{"embeddable":true,"href":"https:\/\/www.salvadormanjon.com\/index.php\/wp-json\/"}],"wp:attachment":[{"href":"https:\/\/www.salvadormanjon.com\/index.php\/wp-json\/wp\/v2\/media?parent=2540"}],"wp:term":[{"taxonomy":"category","embeddable":true,"href":"https:\/\/www.salvadormanjon.com\/index.php\/wp-json\/wp\/v2\/categories?post=2540"},{"taxonomy":"post_tag","embeddable":true,"href":"https:\/\/www.salvadormanjon.com\/index.php\/wp-json\/wp\/v2\/tags?post=2540"}],"curies":[{"name":"wp","href":"https:\/\/api.w.org\/{rel}","templated":true}]}}