{"id":2561,"date":"2023-03-29T09:54:56","date_gmt":"2023-03-29T07:54:56","guid":{"rendered":"http:\/\/www.salvadormanjon.com\/?p=2561"},"modified":"2023-03-29T09:54:56","modified_gmt":"2023-03-29T07:54:56","slug":"la-cuadratura-del-circulo","status":"publish","type":"post","link":"https:\/\/www.salvadormanjon.com\/index.php\/2023\/03\/29\/la-cuadratura-del-circulo\/","title":{"rendered":"La cuadratura del c\u00edrculo"},"content":{"rendered":"<p>Que tenemos un problema de comercializaci\u00f3n, especialmente marcado en tintos, es un hecho que una ligera mirada hacia las cotizaciones y la operatividad del mercado de estos \u00faltimos meses evidencia.<\/p>\n<p>Que algunas denominaciones de origen de gran prestigio han hecho p\u00fablicos sus preocupantes existencias y alertado al sector con el anuncio de unas medidas profil\u00e1cticas por lo que pudiera depararles el futuro. Que han generado bastante revuelo en el sector.<\/p>\n<p>Que los fondos de los Planes de Apoyo al Sector Vitivin\u00edcola (PASVE) provenientes de Europa, no contemplan entre sus medidas una destilaci\u00f3n de crisis, con independencia de que fuera de car\u00e1cter voluntario u obligatorio; y, consecuentemente, su aplicaci\u00f3n requiera de la autorizaci\u00f3n de la Comisi\u00f3n Europea y su dotaci\u00f3n de los Fondos del PASVE estar\u00eda limitada al 15% (30 millones de euros aproximadamente), es conocido por todos: organizaciones sectoriales y pol\u00edticos.<\/p>\n<p>Que estamos a menos de dos meses de celebrarse elecciones a ayuntamientos y la mayor\u00eda de comunidades aut\u00f3nomas; nos lo recuerdan constantemente nuestros pol\u00edticos.<\/p>\n<p>Que en la Uni\u00f3n Europea tenemos problemas, no s\u00e9 si m\u00e1s importantes (porque para cada uno el m\u00e1s importante es el suyo) a los que dedicar unos fondos que se antojan insuficientes para hacer frente a planes de resiliencia, guerras, crisis bancarias, tensiones nacionales, inflaci\u00f3n incontrolada\u2026<\/p>\n<p>Que el hecho de que una bebida alcoh\u00f3lica (lo que es s\u00f3lo el vino para muchos de los que tienen la posibilidad de aprobar estas medidas) tenga dificultades por haberse reducido su comercializaci\u00f3n y lo que ello supone, la ca\u00edda de su consumo; es m\u00e1s motivo de satisfacci\u00f3n para algunos (aunque no lo digan) que de preocupaci\u00f3n.<\/p>\n<p>Que la pertinaz y contundente sequ\u00eda vivida en Espa\u00f1a hace muy complicada, aunque no imposible, que la pr\u00f3xima cosecha pueda estar en niveles superiores a las de las dos \u00faltimas, que bien podr\u00edan calificarse de \u201ccontenidas\u201d.<\/p>\n<p>Que las existencias, por preocupantes que resulten en algunas comunidades aut\u00f3nomas, a nivel nacional est\u00e1n en cantidades muy similares a las de otras campa\u00f1as en las que, ni tan siquiera, se ha planteado la posibilidad de adoptar medidas extraordinarias.<\/p>\n<p>Que este problema no es exclusivo de nuestro pa\u00eds, afectando a todos los pa\u00edses productores. Con Francia tomando la iniciativa con su anuncio de solicitar a Bruselas la autorizaci\u00f3n para una destilaci\u00f3n de crisis, que todav\u00eda no ha efectuado.<\/p>\n<p>Que todo esto genera un marco extraordinariamente complicado en el que urge tomar medidas.<\/p>\n<p>Explica la decisi\u00f3n que han adoptado las cooperativas espa\u00f1olas de solicitarle al Ministerio una destilaci\u00f3n de 3 millones de hectolitros. Divididos en dos momentos, uno de 1\u20195 Mhl lo antes posible y el otro mill\u00f3n y medio para cuando haya dado comienzo la pr\u00f3xima campa\u00f1a.<\/p>\n","protected":false},"excerpt":{"rendered":"<p>Que tenemos un problema de comercializaci\u00f3n, especialmente marcado en tintos, es un hecho que una ligera mirada hacia las cotizaciones y la operatividad del mercado de estos \u00faltimos meses evidencia. Que algunas denominaciones de origen de gran prestigio han hecho p\u00fablicos sus preocupantes existencias y alertado al sector con el anuncio de unas medidas profil\u00e1cticas [&hellip;]<\/p>\n","protected":false},"author":1,"featured_media":2394,"comment_status":"open","ping_status":"closed","sticky":false,"template":"","format":"standard","meta":{"footnotes":""},"categories":[3],"tags":[],"class_list":["post-2561","post","type-post","status-publish","format-standard","has-post-thumbnail","hentry","category-impresiones"],"_links":{"self":[{"href":"https:\/\/www.salvadormanjon.com\/index.php\/wp-json\/wp\/v2\/posts\/2561","targetHints":{"allow":["GET"]}}],"collection":[{"href":"https:\/\/www.salvadormanjon.com\/index.php\/wp-json\/wp\/v2\/posts"}],"about":[{"href":"https:\/\/www.salvadormanjon.com\/index.php\/wp-json\/wp\/v2\/types\/post"}],"author":[{"embeddable":true,"href":"https:\/\/www.salvadormanjon.com\/index.php\/wp-json\/wp\/v2\/users\/1"}],"replies":[{"embeddable":true,"href":"https:\/\/www.salvadormanjon.com\/index.php\/wp-json\/wp\/v2\/comments?post=2561"}],"version-history":[{"count":0,"href":"https:\/\/www.salvadormanjon.com\/index.php\/wp-json\/wp\/v2\/posts\/2561\/revisions"}],"wp:featuredmedia":[{"embeddable":true,"href":"https:\/\/www.salvadormanjon.com\/index.php\/wp-json\/"}],"wp:attachment":[{"href":"https:\/\/www.salvadormanjon.com\/index.php\/wp-json\/wp\/v2\/media?parent=2561"}],"wp:term":[{"taxonomy":"category","embeddable":true,"href":"https:\/\/www.salvadormanjon.com\/index.php\/wp-json\/wp\/v2\/categories?post=2561"},{"taxonomy":"post_tag","embeddable":true,"href":"https:\/\/www.salvadormanjon.com\/index.php\/wp-json\/wp\/v2\/tags?post=2561"}],"curies":[{"name":"wp","href":"https:\/\/api.w.org\/{rel}","templated":true}]}}