{"id":2564,"date":"2023-04-05T10:17:40","date_gmt":"2023-04-05T08:17:40","guid":{"rendered":"http:\/\/www.salvadormanjon.com\/?p=2564"},"modified":"2023-04-05T10:17:40","modified_gmt":"2023-04-05T08:17:40","slug":"habra-o-no-habra-destilacion-de-crisis","status":"publish","type":"post","link":"https:\/\/www.salvadormanjon.com\/index.php\/2023\/04\/05\/habra-o-no-habra-destilacion-de-crisis\/","title":{"rendered":"\u00bfHabr\u00e1 o no habr\u00e1 destilaci\u00f3n de crisis?"},"content":{"rendered":"<p>Como siempre suele suceder en este tipo de situaciones, el aspecto que m\u00e1s valor tiene en los momentos de incertidumbre (la seguridad); es el m\u00e1s escaso. Quiz\u00e1s porque cada una de las partes implicadas intenta tomar posici\u00f3n sobre las diferentes oportunidades que estiman para la resoluci\u00f3n del problema. Quiz\u00e1s porque hay que partir de extremos muy distantes para poder acabar llegando a un punto intermedio en el que ninguna de las partes se sienta vencedora, pero tampoco perdedora.<\/p>\n<p>El caso es que, si hasta ahora la postura que se entend\u00eda manten\u00eda el Ministerio de Agricultura era la de apoyar la solicitud de Francia ante la Comisi\u00f3n Europea para llevar a cabo una medida extraordinaria, como es una destilaci\u00f3n de crisis; sum\u00e1ndose a ella. Ahora su titular, Luis Planas, ante la solicitud (no s\u00e9 si formalmente) pero adoptada y publicada, por parte de Cooperativas y algunas organizaciones agrarias, trasladaba a las Comunidades Aut\u00f3nomas la pelota y declaraba que su Ministerio \u201cno ten\u00eda previsto, en estos momentos, ninguna medida en esta direcci\u00f3n\u201d. Poniendo en valor la medida ya adoptada y puesta en marcha por su Ministerio de la cosecha en verde.<\/p>\n<p>\u00bfHabr\u00e1 entonces, o no habr\u00e1, destilaci\u00f3n de crisis?<\/p>\n<p>Esa es la pregunta que ahora mismo todo el sector se formula y en la que todos coinciden en destacar que, si bien no es posible dar una respuesta tajante al respecto; el origen de d\u00f3nde provendr\u00edan los fondos con los que poder llevarla a cabo no parece presentar muchas dudas. Ya que el Ministerio no estar\u00eda dispuesto a aportar cantidad alguna para esta medida y, consecuentemente, la totalidad de los fondos deber\u00edan provenir del quince por ciento de los fondos anuales de nuestro Plan de Apoyo al Sector (PASVE). De ah\u00ed la importancia de la propuesta realizada por Cooperativas, de separar la medida en dos partes de mill\u00f3n y medio de hectolitros. De esta manera unos tendr\u00edan la dotaci\u00f3n de treinta millones de euros procedentes de la campa\u00f1a 22\/23 y el otro mill\u00f3n y medio de hectolitros de los de la 23\/24.<\/p>\n<p>Fondos que, no olvidemos, deber\u00edan ser restados de aquellas medidas a las que inicialmente fueron asignados: reestructuraci\u00f3n 69\u2019709 M\u20ac, Inversiones 53\u2019821 M\u20ac, promoci\u00f3n en terceros pa\u00edses 48\u2019054 M\u20ac y destilaci\u00f3n de subproductos 30\u2019563 M\u20ac.<\/p>\n<p>Lo que s\u00ed podemos intuir, con cierto grado de fiabilidad es que, bajo el mantra de \u201charemos lo que quiera el sector\u201d; si el sector de forma un\u00e1nime lo solicita, previsiblemente, a trav\u00e9s de su Organizaci\u00f3n Interprofesional (OIVE), el Ministerio no se negar\u00eda ni a solicitar en Bruselas la autorizaci\u00f3n para ponerla en marcha; ni a redistribuir ese quince por ciento de las ayudas previsto para estas medidas extraordinarias. Como es igualmente probable que esos sean todos los fondos que, a nivel nacional (otra cosa es lo que cada comunidad aut\u00f3noma pudiere hacer en su territorio) con los que cuente la destilaci\u00f3n de crisis.<\/p>\n<p>Otra medida que, para el caso de que la sequ\u00eda no resultase tan da\u00f1ina como en estos momentos se estima podr\u00eda resultar sobre la pr\u00f3xima cosecha; podr\u00eda adoptarse es el aumento de la prestaci\u00f3n v\u00ednica del 10 al 15% de contenido m\u00ednimo alcoh\u00f3lico. Acci\u00f3n que genera gran controversia sobre qui\u00e9nes son los que se ven m\u00e1s beneficiados por ella: los productores o los destiladores.<\/p>\n","protected":false},"excerpt":{"rendered":"<p>Como siempre suele suceder en este tipo de situaciones, el aspecto que m\u00e1s valor tiene en los momentos de incertidumbre (la seguridad); es el m\u00e1s escaso. Quiz\u00e1s porque cada una de las partes implicadas intenta tomar posici\u00f3n sobre las diferentes oportunidades que estiman para la resoluci\u00f3n del problema. Quiz\u00e1s porque hay que partir de extremos [&hellip;]<\/p>\n","protected":false},"author":1,"featured_media":2452,"comment_status":"open","ping_status":"closed","sticky":false,"template":"","format":"standard","meta":{"footnotes":""},"categories":[3],"tags":[],"class_list":["post-2564","post","type-post","status-publish","format-standard","has-post-thumbnail","hentry","category-impresiones"],"_links":{"self":[{"href":"https:\/\/www.salvadormanjon.com\/index.php\/wp-json\/wp\/v2\/posts\/2564","targetHints":{"allow":["GET"]}}],"collection":[{"href":"https:\/\/www.salvadormanjon.com\/index.php\/wp-json\/wp\/v2\/posts"}],"about":[{"href":"https:\/\/www.salvadormanjon.com\/index.php\/wp-json\/wp\/v2\/types\/post"}],"author":[{"embeddable":true,"href":"https:\/\/www.salvadormanjon.com\/index.php\/wp-json\/wp\/v2\/users\/1"}],"replies":[{"embeddable":true,"href":"https:\/\/www.salvadormanjon.com\/index.php\/wp-json\/wp\/v2\/comments?post=2564"}],"version-history":[{"count":0,"href":"https:\/\/www.salvadormanjon.com\/index.php\/wp-json\/wp\/v2\/posts\/2564\/revisions"}],"wp:featuredmedia":[{"embeddable":true,"href":"https:\/\/www.salvadormanjon.com\/index.php\/wp-json\/"}],"wp:attachment":[{"href":"https:\/\/www.salvadormanjon.com\/index.php\/wp-json\/wp\/v2\/media?parent=2564"}],"wp:term":[{"taxonomy":"category","embeddable":true,"href":"https:\/\/www.salvadormanjon.com\/index.php\/wp-json\/wp\/v2\/categories?post=2564"},{"taxonomy":"post_tag","embeddable":true,"href":"https:\/\/www.salvadormanjon.com\/index.php\/wp-json\/wp\/v2\/tags?post=2564"}],"curies":[{"name":"wp","href":"https:\/\/api.w.org\/{rel}","templated":true}]}}