{"id":2574,"date":"2023-05-04T09:07:45","date_gmt":"2023-05-04T07:07:45","guid":{"rendered":"http:\/\/www.salvadormanjon.com\/?p=2574"},"modified":"2023-05-04T09:07:45","modified_gmt":"2023-05-04T07:07:45","slug":"trabajar-en-el-futuro-es-atajar-los-problemas-para-convertirlos-en-oportunidades","status":"publish","type":"post","link":"https:\/\/www.salvadormanjon.com\/index.php\/2023\/05\/04\/trabajar-en-el-futuro-es-atajar-los-problemas-para-convertirlos-en-oportunidades\/","title":{"rendered":"Trabajar en el futuro es atajar los problemas para convertirlos en oportunidades"},"content":{"rendered":"<p>Tampoco febrero ha sido un buen mes para nuestro comercio exterior. O no, al menos, considerando lo que ha sucedido con la cantidad de productos vitivin\u00edcolas. Perder el 13\u20193% del volumen que hab\u00edamos conseguido exportar compar\u00e1ndolo en tasa interanual (TAM) es una p\u00e9sima noticia. Contar con poco m\u00e1s de cuatro millones (4\u2019127) de hectolitros m\u00e1s, un problema al que todav\u00eda est\u00e1 por encontr\u00e1rsele una soluci\u00f3n.<\/p>\n<p>Diferentes organizaciones agrarias, profesionales y cooperativas han expresado, en diferentes momentos, sus fundados temores de que esta situaci\u00f3n acabe traslad\u00e1ndose a los precios y haciendo irreversible una coyuntura que ya califican de preocupante. Temiendo importantes implicaciones sobre los propios precios de la uva en la pr\u00f3xima vendimia.<\/p>\n<p>Temores que han sido deso\u00eddos a nivel nacional (Ministerio de Agricultura), que ha trasladado la responsabilidad hacia las comunidades aut\u00f3nomas para que sean ellas, con sus propios fondos, las que lleven a cabo medidas m\u00e1s all\u00e1 de la vendimia en verde.<\/p>\n<p>Lo que, dejando a un lado el nada despreciable detalle de que su procedencia no podr\u00e1 ser de los fondos del PASVE, en tanto en cuanto no exista una autorizaci\u00f3n por parte de la Comisi\u00f3n Europea (que para ello es el Estado Miembro, y no ning\u00fan gobierno regional, el que deber\u00e1 solicitarlo); puede volver a generar un trato discriminatorio entre unas comunidades aut\u00f3nomas y otras, seg\u00fan sea su capacidad econ\u00f3mica.<\/p>\n<p>Cabe la posibilidad de pensar que el tiempo todo lo cura. Y nunca mejor dicho lo del tiempo, en su doble vertiente cronol\u00f3gica y meteorol\u00f3gica, pero dejar las cosas a la buenaventura implica muchos riesgos. Tantos como que cuando quieran tomarse medidas la situaci\u00f3n se haya degradado tanto que las acciones deban ser mucho m\u00e1s quir\u00fargicas.<\/p>\n<p>De momento, todav\u00eda es posible pensar que el sector se encuentra m\u00e1s o menos equilibrado. Que el potencial de producci\u00f3n, entre cuarenta y cinco y cuarenta y ocho millones de hectolitros, es posible asumirlo con las necesidades en exportaci\u00f3n (veintiocho), consumo interno (once), destilaci\u00f3n y derivados (cuatro), mostos (cinco). Pero, si seguimos perdiendo exportaci\u00f3n, sin recuperar el consumo interno y entrando en competencia en el mundo de los zumos con otros pa\u00edses productores mundiales\u2026<\/p>\n<p>Si entramos en pormenores, como pudieran ser las categor\u00edas, nos encontrar\u00edamos con una p\u00e9rdida de los vinos tranquilos de 2\u2019234 en vinos tranquilos y 1\u2019988 en mostos. Las diferencias en espumosos, de licor, aguja y BiB, resultan irrelevantes, aunque \u00e9stas \u00faltimas dos coticen en positivo. Siendo de destacar lo sucedido con los vinos tranquilos con D.O.P., que pierden 0\u2019447 Mhl envasados y 0\u2019011 a granel. Los de mesa se dejan 1\u2019445 Mhl en los graneles y 0\u2019254 en envasados. Datos agregados que no nos permiten conocer las indicaciones de calidad que m\u00e1s est\u00e1n sufriendo. Bien podr\u00edan servir para entender las propuestas que est\u00e1n surgiendo desde alg\u00fan gobierno regional y los planteamientos con los que acuden a las pr\u00f3ximas elecciones auton\u00f3micas algunas formaciones pol\u00edticas.<\/p>\n<p>Hasta el momento, no parece que debamos preocuparnos por un mal end\u00e9mico en nuestras exportaciones. Aunque bien har\u00edamos en empezar a dise\u00f1ar estrategias colectivas que nos ayudasen a afrontarlo. Por si acaso.<\/p>\n","protected":false},"excerpt":{"rendered":"<p>Tampoco febrero ha sido un buen mes para nuestro comercio exterior. O no, al menos, considerando lo que ha sucedido con la cantidad de productos vitivin\u00edcolas. Perder el 13\u20193% del volumen que hab\u00edamos conseguido exportar compar\u00e1ndolo en tasa interanual (TAM) es una p\u00e9sima noticia. Contar con poco m\u00e1s de cuatro millones (4\u2019127) de hectolitros m\u00e1s, [&hellip;]<\/p>\n","protected":false},"author":1,"featured_media":2351,"comment_status":"open","ping_status":"closed","sticky":false,"template":"","format":"standard","meta":{"footnotes":""},"categories":[3],"tags":[],"class_list":["post-2574","post","type-post","status-publish","format-standard","has-post-thumbnail","hentry","category-impresiones"],"_links":{"self":[{"href":"https:\/\/www.salvadormanjon.com\/index.php\/wp-json\/wp\/v2\/posts\/2574","targetHints":{"allow":["GET"]}}],"collection":[{"href":"https:\/\/www.salvadormanjon.com\/index.php\/wp-json\/wp\/v2\/posts"}],"about":[{"href":"https:\/\/www.salvadormanjon.com\/index.php\/wp-json\/wp\/v2\/types\/post"}],"author":[{"embeddable":true,"href":"https:\/\/www.salvadormanjon.com\/index.php\/wp-json\/wp\/v2\/users\/1"}],"replies":[{"embeddable":true,"href":"https:\/\/www.salvadormanjon.com\/index.php\/wp-json\/wp\/v2\/comments?post=2574"}],"version-history":[{"count":0,"href":"https:\/\/www.salvadormanjon.com\/index.php\/wp-json\/wp\/v2\/posts\/2574\/revisions"}],"wp:featuredmedia":[{"embeddable":true,"href":"https:\/\/www.salvadormanjon.com\/index.php\/wp-json\/"}],"wp:attachment":[{"href":"https:\/\/www.salvadormanjon.com\/index.php\/wp-json\/wp\/v2\/media?parent=2574"}],"wp:term":[{"taxonomy":"category","embeddable":true,"href":"https:\/\/www.salvadormanjon.com\/index.php\/wp-json\/wp\/v2\/categories?post=2574"},{"taxonomy":"post_tag","embeddable":true,"href":"https:\/\/www.salvadormanjon.com\/index.php\/wp-json\/wp\/v2\/tags?post=2574"}],"curies":[{"name":"wp","href":"https:\/\/api.w.org\/{rel}","templated":true}]}}