{"id":2591,"date":"2023-06-22T10:35:54","date_gmt":"2023-06-22T08:35:54","guid":{"rendered":"http:\/\/www.salvadormanjon.com\/?p=2591"},"modified":"2023-06-22T10:35:54","modified_gmt":"2023-06-22T08:35:54","slug":"un-agravio-comparativo","status":"publish","type":"post","link":"https:\/\/www.salvadormanjon.com\/index.php\/2023\/06\/22\/un-agravio-comparativo\/","title":{"rendered":"Un agravio comparativo"},"content":{"rendered":"<p>Si les dijera que el Covid provoc\u00f3 que comenz\u00e1semos la campa\u00f1a 2022\/23 con un volumen de existencias alto (36\u201904 Mhl). Que la cosecha 22\/23, sin ser nada desorbitado, podr\u00edamos situarla en unos niveles aceptables de producci\u00f3n (40\u20195 Mhl); y cuya calidad podr\u00edamos decir que \u201cva por barrios\u201d, ya que no todo madur\u00f3 hasta los niveles que debiera y los vinos obtenidos, digamos que, en general, no todos cuentan con los atributos requeridos para someterlos a un proceso de crianza. Que la crisis log\u00edstica ha supuesto un fuerte incrementos en los costes de las materias secas o embalaje. Y que la inflaci\u00f3n disparada elev\u00f3 a niveles hist\u00f3ricos, pr\u00e1cticamente los costes de todos los insumos, provocando una r\u00e1pida disminuci\u00f3n del consumo interno y una fuerte ca\u00edda en los principales mercados de exportaci\u00f3n\u2026<\/p>\n<p>Coincidir\u00e1n conmigo en que esto s\u00f3lo puede provocar una cosa y es desequilibrio en el mercado, aumento de los excedentes y contracci\u00f3n de los precios en origen. Con especial incidencia, por la tipolog\u00eda de las razones que lo han provocado, en los vinos de guarda, es decir, mayoritariamente tintos. Entre otras cosas porque, precisamente su guarda es lo que permiti\u00f3 que durante todo este calvario de pandemia y crisis siguiesen al cobijo de la bodega esperando mejor ocasi\u00f3n. Cuando las ocasiones han ido de mal en peor.<\/p>\n<p>Situaci\u00f3n que, salvadas las honrosas diferencias, no puede decirse que haya sido propia de una regi\u00f3n u otra. Sino m\u00e1s bien bastante generalizada, comenzando a hacer mella en unos operadores desanimados y temerosos de lo que les pudiera deparar el futuro m\u00e1s inmediato.<\/p>\n<p>Lo que vendr\u00eda a explicar muy bien el que, lejos de ser aplaudida, elogiada y apoyada por el sector, en general, la destilaci\u00f3n de crisis anunciada por el Ministerio para Extremadura y Catalu\u00f1a, o las de los gobiernos regionales para Pa\u00eds Vasco y La Rioja; hayan sido consideradas un agravio comparativo.<\/p>\n<p>Tener las competencias transferidas a las comunidades aut\u00f3nomas tiene estas cosas, y es que cada comunidad, con sus fondos, es muy libre de establecer medidas extraordinarias con las que solventar una situaci\u00f3n excepcional. Lo que nos llevar\u00eda a la resoluci\u00f3n del problema por elevaci\u00f3n. O, dicho de otra manera, que fuera el Ministerio el que pusiera en marcha esa medida extraordinaria de la destilaci\u00f3n de crisis para \u201ctodos\u201d, como hizo para hacer frente a los excedentes ocasionados por el Covid y sus confinamientos y restricciones sociales. Medida que, por cierto, y vistas las demandas actuales, no debi\u00f3 acabar resultando muy eficaz cuando, para justificar la puesta en marcha de la actual, los argumentos que se est\u00e1n esgrimiendo son muy parecidos a los de entonces.<\/p>\n<p>Pero, para poder haber hecho eso, hubiese tenido que poner fondos nacionales, no con los comunitarios provenientes de los Planes de Apoyo al Sector Vitivin\u00edcola Espa\u00f1ol (PASVE) para el 23, o de la Intervenci\u00f3n Sectorial Vitivin\u00edcola (ISV), como pasan a denominarse, en el 2024.<\/p>\n<p>Como eso no ha sido as\u00ed. Como el Ministerio no ha querido poner un euro en aplicar esta medida, han tenido que ser los gobiernos regionales los que la pongan en marcha, cada uno a su manera; unos con fondos propios, otros con los comunitarios y otros a verlas venir sin haber sido capaces de saber lo que necesitaba su sector vitivin\u00edcola.<\/p>\n","protected":false},"excerpt":{"rendered":"<p>Si les dijera que el Covid provoc\u00f3 que comenz\u00e1semos la campa\u00f1a 2022\/23 con un volumen de existencias alto (36\u201904 Mhl). Que la cosecha 22\/23, sin ser nada desorbitado, podr\u00edamos situarla en unos niveles aceptables de producci\u00f3n (40\u20195 Mhl); y cuya calidad podr\u00edamos decir que \u201cva por barrios\u201d, ya que no todo madur\u00f3 hasta los niveles [&hellip;]<\/p>\n","protected":false},"author":1,"featured_media":0,"comment_status":"open","ping_status":"closed","sticky":false,"template":"","format":"standard","meta":{"footnotes":""},"categories":[3],"tags":[],"class_list":["post-2591","post","type-post","status-publish","format-standard","hentry","category-impresiones"],"_links":{"self":[{"href":"https:\/\/www.salvadormanjon.com\/index.php\/wp-json\/wp\/v2\/posts\/2591","targetHints":{"allow":["GET"]}}],"collection":[{"href":"https:\/\/www.salvadormanjon.com\/index.php\/wp-json\/wp\/v2\/posts"}],"about":[{"href":"https:\/\/www.salvadormanjon.com\/index.php\/wp-json\/wp\/v2\/types\/post"}],"author":[{"embeddable":true,"href":"https:\/\/www.salvadormanjon.com\/index.php\/wp-json\/wp\/v2\/users\/1"}],"replies":[{"embeddable":true,"href":"https:\/\/www.salvadormanjon.com\/index.php\/wp-json\/wp\/v2\/comments?post=2591"}],"version-history":[{"count":0,"href":"https:\/\/www.salvadormanjon.com\/index.php\/wp-json\/wp\/v2\/posts\/2591\/revisions"}],"wp:attachment":[{"href":"https:\/\/www.salvadormanjon.com\/index.php\/wp-json\/wp\/v2\/media?parent=2591"}],"wp:term":[{"taxonomy":"category","embeddable":true,"href":"https:\/\/www.salvadormanjon.com\/index.php\/wp-json\/wp\/v2\/categories?post=2591"},{"taxonomy":"post_tag","embeddable":true,"href":"https:\/\/www.salvadormanjon.com\/index.php\/wp-json\/wp\/v2\/tags?post=2591"}],"curies":[{"name":"wp","href":"https:\/\/api.w.org\/{rel}","templated":true}]}}