{"id":2594,"date":"2023-06-29T11:44:58","date_gmt":"2023-06-29T09:44:58","guid":{"rendered":"http:\/\/www.salvadormanjon.com\/?p=2594"},"modified":"2023-06-29T11:44:58","modified_gmt":"2023-06-29T09:44:58","slug":"poner-en-valor-la-diferenciacion","status":"publish","type":"post","link":"https:\/\/www.salvadormanjon.com\/index.php\/2023\/06\/29\/poner-en-valor-la-diferenciacion\/","title":{"rendered":"Poner en valor la diferenciaci\u00f3n"},"content":{"rendered":"<p>Desde el sector vitivin\u00edcola espa\u00f1ol sabemos muy bien que nuestro principal problema pasa por la valorizaci\u00f3n del producto. Que contamos con condiciones naturales id\u00edlicas para su cultivo y que nuestra tecnolog\u00eda y personal se encuentran al m\u00e1ximo nivel mundial. Somos conscientes de que el cambio clim\u00e1tico es una amenaza que acabar\u00e1 trastocando nuestro sector, desplazando el vi\u00f1edo hacia zonas m\u00e1s altas y dando entrada a sistemas de cultivo, variedades y pr\u00e1cticas enol\u00f3gicas hasta ahora testimoniales.<\/p>\n<p>Y, aunque parece que contamos con un sentimiento de colectividad mayor, incluso cierto orgullo de pertenencia, somos perfectamente conscientes de la asignatura pendiente que tenemos en la parte comercial.<\/p>\n<p>Es evidente que no todos podemos ser l\u00edderes, y que, para que una organizaci\u00f3n funcione, tan necesarios son los directivos que marcan los objetivos y estrategias a seguir, como los equipos intermedios que las desarrollan y las bases que las ejecutan. Tener una carrera profesional en esa estructura es fundamental y contar con los incentivos y medios necesarios para desarrollarla uno de los principales objetivos que cualquier buen gerente debe asegurar.<\/p>\n<p>Aspirar en el sector vitivin\u00edcola espa\u00f1ol a desarrollar esas aptitudes, mejorando nuestro posicionamiento en la estructura que es el comercio mundial del vino no s\u00f3lo no es nada reprochable, sino que debiera ser algo aspiracional para cualquiera que estuviera relacionado con \u00e9l.<\/p>\n<p>S\u00f3lo de esta manera ser\u00e1 posible desarrollar valores tan intr\u00ednsecos al sector como la fijaci\u00f3n de poblaci\u00f3n, respecto al medioambiente, econom\u00eda circular, sostenibilidad, equidad y un largo etc\u00e9tera que lo hacen \u00fanico.<\/p>\n<p>La escasez de algunos recursos como el agua, el exceso de otros como el sol, lejos de ser un problema son un extraordinario aliciente sobre el que desarrollar la investigaci\u00f3n y la resiliencia.<\/p>\n<p>Ponerlos en valor debe ser nuestro principal objetivo y para ello resulta vital darlos a conocer. Hay una m\u00e1xima en marketing que dice que lo que no se comunica no existe. Quiz\u00e1 haya llegado el momento de centrarnos m\u00e1s en poner en valor estas diferencias que en aspirar a mejorar unos c\u00e9ntimos en el precio de unos vinos cuya calidad cada d\u00eda es m\u00e1s homog\u00e9nea a nivel mundial.<\/p>\n<p>Entender que la calidad se ha convertido en un requisito y no en un valor nos ayudar\u00eda a afrontarlo mejor.<\/p>\n","protected":false},"excerpt":{"rendered":"<p>Desde el sector vitivin\u00edcola espa\u00f1ol sabemos muy bien que nuestro principal problema pasa por la valorizaci\u00f3n del producto. Que contamos con condiciones naturales id\u00edlicas para su cultivo y que nuestra tecnolog\u00eda y personal se encuentran al m\u00e1ximo nivel mundial. Somos conscientes de que el cambio clim\u00e1tico es una amenaza que acabar\u00e1 trastocando nuestro sector, desplazando [&hellip;]<\/p>\n","protected":false},"author":1,"featured_media":2291,"comment_status":"open","ping_status":"closed","sticky":false,"template":"","format":"standard","meta":{"footnotes":""},"categories":[3],"tags":[],"class_list":["post-2594","post","type-post","status-publish","format-standard","has-post-thumbnail","hentry","category-impresiones"],"_links":{"self":[{"href":"https:\/\/www.salvadormanjon.com\/index.php\/wp-json\/wp\/v2\/posts\/2594","targetHints":{"allow":["GET"]}}],"collection":[{"href":"https:\/\/www.salvadormanjon.com\/index.php\/wp-json\/wp\/v2\/posts"}],"about":[{"href":"https:\/\/www.salvadormanjon.com\/index.php\/wp-json\/wp\/v2\/types\/post"}],"author":[{"embeddable":true,"href":"https:\/\/www.salvadormanjon.com\/index.php\/wp-json\/wp\/v2\/users\/1"}],"replies":[{"embeddable":true,"href":"https:\/\/www.salvadormanjon.com\/index.php\/wp-json\/wp\/v2\/comments?post=2594"}],"version-history":[{"count":0,"href":"https:\/\/www.salvadormanjon.com\/index.php\/wp-json\/wp\/v2\/posts\/2594\/revisions"}],"wp:featuredmedia":[{"embeddable":true,"href":"https:\/\/www.salvadormanjon.com\/index.php\/wp-json\/"}],"wp:attachment":[{"href":"https:\/\/www.salvadormanjon.com\/index.php\/wp-json\/wp\/v2\/media?parent=2594"}],"wp:term":[{"taxonomy":"category","embeddable":true,"href":"https:\/\/www.salvadormanjon.com\/index.php\/wp-json\/wp\/v2\/categories?post=2594"},{"taxonomy":"post_tag","embeddable":true,"href":"https:\/\/www.salvadormanjon.com\/index.php\/wp-json\/wp\/v2\/tags?post=2594"}],"curies":[{"name":"wp","href":"https:\/\/api.w.org\/{rel}","templated":true}]}}