{"id":2599,"date":"2023-07-13T11:54:12","date_gmt":"2023-07-13T09:54:12","guid":{"rendered":"http:\/\/www.salvadormanjon.com\/?p=2599"},"modified":"2023-07-13T11:54:12","modified_gmt":"2023-07-13T09:54:12","slug":"la-uva-no-es-un-cultivo-esencial-para-la-ue","status":"publish","type":"post","link":"https:\/\/www.salvadormanjon.com\/index.php\/2023\/07\/13\/la-uva-no-es-un-cultivo-esencial-para-la-ue\/","title":{"rendered":"La uva no es un cultivo esencial para la UE"},"content":{"rendered":"<p>Si insuficientes, en mi opini\u00f3n l\u00f3gicamente, resultaban las medidas aprobadas por Bruselas para conseguir retornar al equilibrio del mercado y permitir recuperar sus cotizaciones. Si incomprensible resultaba la postura mantenida por nuestro ministro de Agricultura, que parece estar m\u00e1s \u201cen funciones\u201d que nunca, habiendo limitado su responsabilidad en todo este asunto a la m\u00e1s estricta \u201ctramitaci\u00f3n\u201d de las ayudas del Plan de Apoyo Nacional (PASVE), sin m\u00e1s gesti\u00f3n o compromiso que su distribuci\u00f3n territorial (con el consabido malestar entre las bodegas de las diferentes comunidades aut\u00f3nomas que se han visto relegadas, sinti\u00e9ndose ciudadanos segunda).<\/p>\n<p>Si las medidas adoptadas, incluso la misma cosecha en verde, parecen ir mucho m\u00e1s dirigidas hacia la parte elaboradora (bodegas) que productora (viticultores), con el consiguiente enfado de las organizaciones agrarias, que apenas han necesitado una semana para comprobar como su mero anuncio (no ha dado tiempo todav\u00eda a ponerlas en marcha) s\u00f3lo ha servido para que las bodegas anuncien precios a la baja para las uvas de la pr\u00f3xima vendimia.<\/p>\n<p>Mucho m\u00e1s preocupante, por incoherente, se antoja la posici\u00f3n adoptada por la Comisi\u00f3n Europea con la publicaci\u00f3n de su estudio sobre la evaluaci\u00f3n del impacto que tendr\u00eda en el sector la propuesta de reglamento relativo al uso sostenible de los productos fitosanitarios en la UE. En un entorno fuertemente afectado por el Cambio Clim\u00e1tico y cuyas consecuencias en los tratamientos que pudieran ser necesarios para hacer frente a sus derivaciones sobre las cosechas resultan dif\u00edcilmente cuantificables actualmente.<\/p>\n<p>Primero porque, una vez m\u00e1s, nosotros mismos vamos a situarnos en inferioridad de condiciones a la hora de competir en un mercado totalmente globalizado como el del vino, altamente sensible al precio en determinados productos vitivin\u00edcolas en los que Espa\u00f1a es l\u00edder mundial y sobre el que se sustenta la misma existencia del sector vitivin\u00edcola espa\u00f1ol.<\/p>\n<p>Segundo, porque, al igual que sucediera en su exposici\u00f3n de motivos con los que justificar la aplicaci\u00f3n de las medidas excepcionales, como la destilaci\u00f3n de crisis; el papel que parece estar llamado a desempe\u00f1ar por el sector vitivin\u00edcola a nivel comunitario, queda seriamente cuestionado. Pareciendo haber olvidado el alto valor sostenible (econ\u00f3mico, social y medioambiental) que tiene en muchas regiones europeas, en las que la actividad ser\u00eda inexistente sin el vi\u00f1edo. Y, de las que Espa\u00f1a, cuenta con un buen pu\u00f1ado de ellas.<\/p>\n<p>Los innumerables trabajos realizados en innovaci\u00f3n e investigaci\u00f3n para la eliminaci\u00f3n de algunos productos fitosanitarios, no han alcanzado su nivel m\u00ednimo necesario para poder ser eficaces. De hecho, el estudio que complementa la evaluaci\u00f3n del impacto que tendr\u00eda su aplicaci\u00f3n, se\u00f1ala que la producci\u00f3n podr\u00eda llegar a reducirse directamente por esta imposibilidad de tratar, hasta el 28% en Francia, el 20% en Italia y el 18% en Espa\u00f1a.<\/p>\n<p>Y aqu\u00ed es donde viene lo peor de todo y que explicar\u00eda bastante bien lo que est\u00e1 sucediendo en la Comisi\u00f3n; argumentando que eso \u201cno plantea un problema importante pues la uva (origen del vino), no es un cultivo esencial para la seguridad esencial alimentaria europea\u201d.<\/p>\n","protected":false},"excerpt":{"rendered":"<p>Si insuficientes, en mi opini\u00f3n l\u00f3gicamente, resultaban las medidas aprobadas por Bruselas para conseguir retornar al equilibrio del mercado y permitir recuperar sus cotizaciones. Si incomprensible resultaba la postura mantenida por nuestro ministro de Agricultura, que parece estar m\u00e1s \u201cen funciones\u201d que nunca, habiendo limitado su responsabilidad en todo este asunto a la m\u00e1s estricta [&hellip;]<\/p>\n","protected":false},"author":1,"featured_media":2343,"comment_status":"open","ping_status":"closed","sticky":false,"template":"","format":"standard","meta":{"footnotes":""},"categories":[3],"tags":[],"class_list":["post-2599","post","type-post","status-publish","format-standard","has-post-thumbnail","hentry","category-impresiones"],"_links":{"self":[{"href":"https:\/\/www.salvadormanjon.com\/index.php\/wp-json\/wp\/v2\/posts\/2599","targetHints":{"allow":["GET"]}}],"collection":[{"href":"https:\/\/www.salvadormanjon.com\/index.php\/wp-json\/wp\/v2\/posts"}],"about":[{"href":"https:\/\/www.salvadormanjon.com\/index.php\/wp-json\/wp\/v2\/types\/post"}],"author":[{"embeddable":true,"href":"https:\/\/www.salvadormanjon.com\/index.php\/wp-json\/wp\/v2\/users\/1"}],"replies":[{"embeddable":true,"href":"https:\/\/www.salvadormanjon.com\/index.php\/wp-json\/wp\/v2\/comments?post=2599"}],"version-history":[{"count":0,"href":"https:\/\/www.salvadormanjon.com\/index.php\/wp-json\/wp\/v2\/posts\/2599\/revisions"}],"wp:featuredmedia":[{"embeddable":true,"href":"https:\/\/www.salvadormanjon.com\/index.php\/wp-json\/"}],"wp:attachment":[{"href":"https:\/\/www.salvadormanjon.com\/index.php\/wp-json\/wp\/v2\/media?parent=2599"}],"wp:term":[{"taxonomy":"category","embeddable":true,"href":"https:\/\/www.salvadormanjon.com\/index.php\/wp-json\/wp\/v2\/categories?post=2599"},{"taxonomy":"post_tag","embeddable":true,"href":"https:\/\/www.salvadormanjon.com\/index.php\/wp-json\/wp\/v2\/tags?post=2599"}],"curies":[{"name":"wp","href":"https:\/\/api.w.org\/{rel}","templated":true}]}}