{"id":2601,"date":"2023-07-20T11:43:02","date_gmt":"2023-07-20T09:43:02","guid":{"rendered":"http:\/\/www.salvadormanjon.com\/?p=2601"},"modified":"2023-07-20T11:43:02","modified_gmt":"2023-07-20T09:43:02","slug":"conocer-el-consumo-una-tarea-complicada","status":"publish","type":"post","link":"https:\/\/www.salvadormanjon.com\/index.php\/2023\/07\/20\/conocer-el-consumo-una-tarea-complicada\/","title":{"rendered":"Conocer el consumo, una tarea complicada"},"content":{"rendered":"<p>Hay asuntos que merecen ser discutidos y otros en los que, sencillamente, es mejor no entrar, pues, o bien pertenecen a la categor\u00eda de los viscerales o, simplemente, no existen datos objetivos sobre los que argumentar las posiciones.<\/p>\n<p>A la primera categor\u00eda pertenecer\u00edan los relacionados con la pol\u00edtica, tan de moda en Espa\u00f1a en estos \u00faltimos meses, en los que nos hemos pasado las semanas escuchando improperios de unos contra otros, en lugar de recibir soluciones reales y aplicables a nuestros problemas cotidianos. O los religiosos, otro de los grandes temas sobre los que mejor no entrar en discusi\u00f3n nunca.<\/p>\n<p>Pero, como dec\u00eda, hay otra categor\u00eda, mucho menos explicable y mucho m\u00e1s preocupante, que es a la que pertenecen aquellos asuntos sobre los que la falta de informaci\u00f3n objetiva impide poder argumentar m\u00e1s all\u00e1 de hip\u00f3tesis m\u00e1s o menos asumibles.<\/p>\n<p>Y aqu\u00ed es donde podemos situar el consumo de vino en Espa\u00f1a; tambi\u00e9n en otros pa\u00edses, cierto, pero es este el que m\u00e1s me interesa.<\/p>\n<p>Parece absurdo, \u00bfverdad? que algo cuantificable no pueda ser determinado con un cierto grado de fiabilidad. Pero es as\u00ed. La ausencia de un panel de consumo ajustado y actualizado que lo mida, los diferentes canales por los que se accede al consumo incluso, porque no asumirlo, los muchos reparos que muestran algunos colectivos en facilitar las cifras; nos lleva a que, en pleno siglo XXI y con una Inteligencia Artificial que llama a la puerta amenazante para unos, esperanzadora para otros, pero sin duda alguna, como un hito que cambiar\u00e1 nuestras vidas y la misma forma de relacionarnos; no seamos capaces de aproximarnos a este dato m\u00e1s que de una forma orientativa, estimativa o presumible.<\/p>\n<p>Mediante el cruce de la informaci\u00f3n obtenida en algunas de las muchas declaraciones a las que est\u00e1n sujetos los operadores, caso del Infovi y del que podr\u00edamos concluir que ser\u00eda extrapolable el dato m\u00e1s fiable. Pero tambi\u00e9n ser\u00eda posible hacerlo con la informaci\u00f3n facilitadas por otras actividades, como podr\u00eda ser el vidrio recuperado y perfectamente controlado su origen por la empresa encargada de ello. Incluso por las cifras de venta de algunos elementos tan intr\u00ednsecos al vino como podr\u00edan ser botellas, c\u00e1psulas o cierres.<\/p>\n<p>Y luego est\u00e1 la tasa de variaci\u00f3n, tan subjetiva como datos posibles sobre las que poder compararla: el del mes anterior, la anual acumulada, la interanual, sobre el del a\u00f1o pasado.<\/p>\n<p>Un sinf\u00edn de posibilidades que hacen imposible conocer con el rigor necesario cu\u00e1l es el consumo real de vino en nuestro pa\u00eds. Aunque, teniendo la certeza, como tenemos, que se ha derrumbado en la \u00faltima mitad de siglo de una manera alarmante y que el horizonte de las bebidas alcoh\u00f3licas presenta negros nubarrones por esos mismos pol\u00edticos de los que habl\u00e1bamos antes y que eran incapaces de aportar soluciones a nuestros problemas.<\/p>\n<p>Mejor no perdamos esa peque\u00f1a parte de manipulaci\u00f3n que todav\u00eda nos queda.<\/p>\n","protected":false},"excerpt":{"rendered":"<p>Hay asuntos que merecen ser discutidos y otros en los que, sencillamente, es mejor no entrar, pues, o bien pertenecen a la categor\u00eda de los viscerales o, simplemente, no existen datos objetivos sobre los que argumentar las posiciones. A la primera categor\u00eda pertenecer\u00edan los relacionados con la pol\u00edtica, tan de moda en Espa\u00f1a en estos [&hellip;]<\/p>\n","protected":false},"author":1,"featured_media":1288,"comment_status":"open","ping_status":"closed","sticky":false,"template":"","format":"standard","meta":{"footnotes":""},"categories":[3],"tags":[],"class_list":["post-2601","post","type-post","status-publish","format-standard","has-post-thumbnail","hentry","category-impresiones"],"_links":{"self":[{"href":"https:\/\/www.salvadormanjon.com\/index.php\/wp-json\/wp\/v2\/posts\/2601","targetHints":{"allow":["GET"]}}],"collection":[{"href":"https:\/\/www.salvadormanjon.com\/index.php\/wp-json\/wp\/v2\/posts"}],"about":[{"href":"https:\/\/www.salvadormanjon.com\/index.php\/wp-json\/wp\/v2\/types\/post"}],"author":[{"embeddable":true,"href":"https:\/\/www.salvadormanjon.com\/index.php\/wp-json\/wp\/v2\/users\/1"}],"replies":[{"embeddable":true,"href":"https:\/\/www.salvadormanjon.com\/index.php\/wp-json\/wp\/v2\/comments?post=2601"}],"version-history":[{"count":0,"href":"https:\/\/www.salvadormanjon.com\/index.php\/wp-json\/wp\/v2\/posts\/2601\/revisions"}],"wp:featuredmedia":[{"embeddable":true,"href":"https:\/\/www.salvadormanjon.com\/index.php\/wp-json\/"}],"wp:attachment":[{"href":"https:\/\/www.salvadormanjon.com\/index.php\/wp-json\/wp\/v2\/media?parent=2601"}],"wp:term":[{"taxonomy":"category","embeddable":true,"href":"https:\/\/www.salvadormanjon.com\/index.php\/wp-json\/wp\/v2\/categories?post=2601"},{"taxonomy":"post_tag","embeddable":true,"href":"https:\/\/www.salvadormanjon.com\/index.php\/wp-json\/wp\/v2\/tags?post=2601"}],"curies":[{"name":"wp","href":"https:\/\/api.w.org\/{rel}","templated":true}]}}