{"id":2624,"date":"2023-10-05T16:12:42","date_gmt":"2023-10-05T14:12:42","guid":{"rendered":"http:\/\/www.salvadormanjon.com\/?p=2624"},"modified":"2023-10-05T16:12:42","modified_gmt":"2023-10-05T14:12:42","slug":"tenemos-un-problema","status":"publish","type":"post","link":"https:\/\/www.salvadormanjon.com\/index.php\/2023\/10\/05\/tenemos-un-problema\/","title":{"rendered":"Tenemos un problema"},"content":{"rendered":"<p>No hace mucho escuchaba a un empresario decir (disculpen que no les pueda dar m\u00e1s detalles) que \u201cun sector subvencionado es un sector condenado\u201d. Y, he de confesar, que me produjo una gran zozobra.<\/p>\n<p>Sin entrar en muchas disquisiciones cuantitativas sobre si el sector vitivin\u00edcola europeo est\u00e1 m\u00e1s o menos subvencionado que otros sectores econ\u00f3micos, agr\u00edcolas o no; nadie puede negar la evidencia de que lo est\u00e1. De lo que se derivan consecuencias de cierto calado, como la propia delimitaci\u00f3n de plantaciones; o aquellas otras referidas a la soluci\u00f3n de situaciones problem\u00e1ticas en los mercados, con la aplicaci\u00f3n de unos mecanismos perfectamente definidos y previstos con los que actuar. No creo necesario entrar en muchos detalles sobre las destilaciones puestas en marcha en la Uni\u00f3n europea, tambi\u00e9n en nuestro pa\u00eds, recientemente.<\/p>\n<p>El problema no est\u00e1 en lo que es, sino en lo que puede acabar siendo. Pues, discernir si las subvenciones son un lastre para el crecimiento y desarrollo de un sector, o un mecanismo mediante el que regular su crecimiento y asegurar su mantenimiento por cuestiones que van m\u00e1s all\u00e1 de las estrictamente mercantilistas y de competencia, tales como sociales o medioambientales; nos llevar\u00eda un largo y, sin duda, enriquecedor debate, pero que no cabe en este comentario.<\/p>\n<p>La Uni\u00f3n Europea, fuente de los cerca de doscientos millones de euros que recibe nuestro pa\u00eds para el sector vitivin\u00edcola, todos los a\u00f1os, cuenta con, cada vez, m\u00e1s frentes abiertos. Que se suceden de manera inexorable y preocupante y que deber\u00e1n acabar por afectar a la distribuci\u00f3n del presupuesto comunitario.<\/p>\n<p>Crisis financieras, como la del 2008, con la necesidad de inyectar ingentes cantidades de dinero en el sistema bancario; una crisis sanitaria mundial nunca antes vivida, que oblig\u00f3 a confinar en sus hogares a la poblaci\u00f3n y paralizar de bruscamente la actividad; una guerra a las puertas de nuestro territorio, que amenaza nuestras propias fronteras, poniendo en evidencia las deficiencias en nuestra defensa. O la dependencia evidenciada en este tema con Estados Unidos quien, con el mero anuncio de su paralizaci\u00f3n de la ayuda a Ucrania, nos ha hecho temblar. O la econ\u00f3mica, demostrada con la fabricaci\u00f3n de microchips en China, provocando la paralizaci\u00f3n en el sector automovil\u00edstico. Nos deber\u00e1n hacer reflexionar sobre las posibilidades de que se produzca un cambio en ese modelo de subvenciones.<\/p>\n<p>Si, adem\u00e1s, el Tribunal de Cuentas de la Uni\u00f3n Europea, en su \u00faltimo informe de auditor\u00eda, concluye que la pol\u00edtica vitivin\u00edcola comunitaria no se ajusta a los objetivos medioambientales y sus medidas no abordan directamente la competitividad del sector.<\/p>\n<p>Los cambios estructurales que se han hecho, reestructuraci\u00f3n y reconversi\u00f3n del vi\u00f1edo ha servido principalmente (eso lo digo yo) para aumentar el rendimiento, en detrimento del vi\u00f1edo de gran calidad\u2026 Las ayudas a la exportaci\u00f3n o la inversi\u00f3n en bodegas no han conseguido aumentar el valor del producto y seguimos con unos niveles de precios que hacen insostenible la actividad&#8230; O el aumento de la superficie de vi\u00f1edo ecol\u00f3gico, que nos sit\u00faa como primer pa\u00eds del mundo, no ha reducido el impacto sobre el clima&#8230;<\/p>\n<p>No s\u00e9 c\u00f3mo lo ven, pero yo creo que tenemos un problema.<\/p>\n","protected":false},"excerpt":{"rendered":"<p>No hace mucho escuchaba a un empresario decir (disculpen que no les pueda dar m\u00e1s detalles) que \u201cun sector subvencionado es un sector condenado\u201d. Y, he de confesar, que me produjo una gran zozobra. Sin entrar en muchas disquisiciones cuantitativas sobre si el sector vitivin\u00edcola europeo est\u00e1 m\u00e1s o menos subvencionado que otros sectores econ\u00f3micos, [&hellip;]<\/p>\n","protected":false},"author":1,"featured_media":2305,"comment_status":"open","ping_status":"closed","sticky":false,"template":"","format":"standard","meta":{"footnotes":""},"categories":[3],"tags":[],"class_list":["post-2624","post","type-post","status-publish","format-standard","has-post-thumbnail","hentry","category-impresiones"],"_links":{"self":[{"href":"https:\/\/www.salvadormanjon.com\/index.php\/wp-json\/wp\/v2\/posts\/2624","targetHints":{"allow":["GET"]}}],"collection":[{"href":"https:\/\/www.salvadormanjon.com\/index.php\/wp-json\/wp\/v2\/posts"}],"about":[{"href":"https:\/\/www.salvadormanjon.com\/index.php\/wp-json\/wp\/v2\/types\/post"}],"author":[{"embeddable":true,"href":"https:\/\/www.salvadormanjon.com\/index.php\/wp-json\/wp\/v2\/users\/1"}],"replies":[{"embeddable":true,"href":"https:\/\/www.salvadormanjon.com\/index.php\/wp-json\/wp\/v2\/comments?post=2624"}],"version-history":[{"count":0,"href":"https:\/\/www.salvadormanjon.com\/index.php\/wp-json\/wp\/v2\/posts\/2624\/revisions"}],"wp:featuredmedia":[{"embeddable":true,"href":"https:\/\/www.salvadormanjon.com\/index.php\/wp-json\/"}],"wp:attachment":[{"href":"https:\/\/www.salvadormanjon.com\/index.php\/wp-json\/wp\/v2\/media?parent=2624"}],"wp:term":[{"taxonomy":"category","embeddable":true,"href":"https:\/\/www.salvadormanjon.com\/index.php\/wp-json\/wp\/v2\/categories?post=2624"},{"taxonomy":"post_tag","embeddable":true,"href":"https:\/\/www.salvadormanjon.com\/index.php\/wp-json\/wp\/v2\/tags?post=2624"}],"curies":[{"name":"wp","href":"https:\/\/api.w.org\/{rel}","templated":true}]}}