{"id":2627,"date":"2023-10-11T09:55:38","date_gmt":"2023-10-11T07:55:38","guid":{"rendered":"http:\/\/www.salvadormanjon.com\/?p=2627"},"modified":"2023-10-11T09:55:38","modified_gmt":"2023-10-11T07:55:38","slug":"la-sociedad-cambia-y-el-sector-debe-hacerlo-con-ella","status":"publish","type":"post","link":"https:\/\/www.salvadormanjon.com\/index.php\/2023\/10\/11\/la-sociedad-cambia-y-el-sector-debe-hacerlo-con-ella\/","title":{"rendered":"La sociedad cambia y el sector debe hacerlo con ella"},"content":{"rendered":"<p>La sociedad cambia y con ella sus gustos y h\u00e1bitos de consumo. Bien lo sabemos los que nos dedicamos a esto del vino.<\/p>\n<p>Pretender mantener consumos y gustos de hace apenas unas d\u00e9cadas, no s\u00f3lo resultar\u00eda infructuoso, sino que podr\u00eda llegar a ser contraproducente.<\/p>\n<p>Las necesidades han evolucionado y con ellas los objetivos que busca un consumidor al tomar una copa de vino. Valores que est\u00e1n muy alejados de la calidad (supuesta) y mucho m\u00e1s relacionados con la sensibilidad ante temas medioambientales, de salud, sociales, hedonistas\u2026 y fuertemente amenazados por el contenido alcoh\u00f3lico del vino.<\/p>\n<p>As\u00ed lo entiende, Luigi Moio, presidente de la OIV, quien ha recalcado que, aunque hay presencia de alcohol en el vino, entre el 14-15% de su contenido, tiene \u201cfuertes lazos con los territorios de origen de los que es un formidable embajador\u201d y una manera propia en la que se consume, en combinaci\u00f3n con las comidas. Defendiendo la necesidad de distinguirlo de las dem\u00e1s bebidas alcoh\u00f3licas.<\/p>\n<p>Alerta de la amenaza que supone \u201cen Europa y en muchos pa\u00edses del mundo esa corriente de pensamiento que acusa al vino de ser tan perjudicial para la salud como las dem\u00e1s bebidas alcoh\u00f3licas\u201d. Y que \u201cpodr\u00eda suponer un cambio radical en el consumo del vino\u201d, que se traducir\u00eda en \u201cuna r\u00e1pida disminuci\u00f3n en unas pocas generaciones\u201d.<\/p>\n<p>Desde su punto de vista, hay que proteger las denominaciones de origen, que \u201cdeben salvaguardarse, custodiarse y defenderse imperativamente\u201d, as\u00ed como que, para garantizar un futuro vitivin\u00edcola a la altura del valor actual del sector, es necesario actuar con \u201cseriedad\u201d, desde el punto de vista de la investigaci\u00f3n.<\/p>\n<p>A este respecto, el Dr. Miguel \u00c1ngel Mart\u00ednez-Gonz\u00e1lez, de la Universidad de Navarra, de la que es catedr\u00e1tico de Medicina Preventiva y Salud P\u00fablica a la pregunta de: \u201c\u00bfDeber\u00edamos eliminar el vino de la Dieta mediterr\u00e1nea?\u201d, respond\u00eda que ello supondr\u00eda una reducci\u00f3n significativa, entre un 12 y un 24%, en capacidad protectora. Cuantificando el consumo moderado de vino en una copa al d\u00eda para mujeres y hasta dos para hombres, siempre acompa\u00f1ando las comidas.<\/p>\n<p>Si bien resalt\u00f3 que estos efectos detectados son particularmente relevantes para las personas de edad avanzada, mientras que, para aquellos menores de 35 a\u00f1os, la abstenci\u00f3n total de alcohol ser\u00eda la opci\u00f3n m\u00e1s saludable y que en personas mayores de 40 a\u00f1os a\u00fan est\u00e1n sujetos a debate, debido a los resultados de ciertos estudios epidemiol\u00f3gicos y de modelizaci\u00f3n.<\/p>\n","protected":false},"excerpt":{"rendered":"<p>La sociedad cambia y con ella sus gustos y h\u00e1bitos de consumo. Bien lo sabemos los que nos dedicamos a esto del vino. Pretender mantener consumos y gustos de hace apenas unas d\u00e9cadas, no s\u00f3lo resultar\u00eda infructuoso, sino que podr\u00eda llegar a ser contraproducente. Las necesidades han evolucionado y con ellas los objetivos que busca [&hellip;]<\/p>\n","protected":false},"author":1,"featured_media":2347,"comment_status":"open","ping_status":"closed","sticky":false,"template":"","format":"standard","meta":{"footnotes":""},"categories":[3],"tags":[],"class_list":["post-2627","post","type-post","status-publish","format-standard","has-post-thumbnail","hentry","category-impresiones"],"_links":{"self":[{"href":"https:\/\/www.salvadormanjon.com\/index.php\/wp-json\/wp\/v2\/posts\/2627","targetHints":{"allow":["GET"]}}],"collection":[{"href":"https:\/\/www.salvadormanjon.com\/index.php\/wp-json\/wp\/v2\/posts"}],"about":[{"href":"https:\/\/www.salvadormanjon.com\/index.php\/wp-json\/wp\/v2\/types\/post"}],"author":[{"embeddable":true,"href":"https:\/\/www.salvadormanjon.com\/index.php\/wp-json\/wp\/v2\/users\/1"}],"replies":[{"embeddable":true,"href":"https:\/\/www.salvadormanjon.com\/index.php\/wp-json\/wp\/v2\/comments?post=2627"}],"version-history":[{"count":0,"href":"https:\/\/www.salvadormanjon.com\/index.php\/wp-json\/wp\/v2\/posts\/2627\/revisions"}],"wp:featuredmedia":[{"embeddable":true,"href":"https:\/\/www.salvadormanjon.com\/index.php\/wp-json\/"}],"wp:attachment":[{"href":"https:\/\/www.salvadormanjon.com\/index.php\/wp-json\/wp\/v2\/media?parent=2627"}],"wp:term":[{"taxonomy":"category","embeddable":true,"href":"https:\/\/www.salvadormanjon.com\/index.php\/wp-json\/wp\/v2\/categories?post=2627"},{"taxonomy":"post_tag","embeddable":true,"href":"https:\/\/www.salvadormanjon.com\/index.php\/wp-json\/wp\/v2\/tags?post=2627"}],"curies":[{"name":"wp","href":"https:\/\/api.w.org\/{rel}","templated":true}]}}