{"id":2630,"date":"2023-10-19T08:58:13","date_gmt":"2023-10-19T06:58:13","guid":{"rendered":"http:\/\/www.salvadormanjon.com\/?p=2630"},"modified":"2023-10-19T08:58:13","modified_gmt":"2023-10-19T06:58:13","slug":"las-incoherencias-que-ponen-en-riesgo-nuestra-revalorizacion","status":"publish","type":"post","link":"https:\/\/www.salvadormanjon.com\/index.php\/2023\/10\/19\/las-incoherencias-que-ponen-en-riesgo-nuestra-revalorizacion\/","title":{"rendered":"Las incoherencias que ponen en riesgo nuestra revalorizaci\u00f3n"},"content":{"rendered":"<p>El MAPA ha dado a conocer estos datos tras analizar junto a los representantes del sector el cierre de la pasada campa\u00f1a vitivin\u00edcola y el inicio de la actual 2023\/2024. La producci\u00f3n de vino estimada, seg\u00fan los datos compartidos por el Ministerio y el sector, unida a unas existencias de cierre de la campa\u00f1a anterior de 36,5 millones de hect\u00f3litros, arrojan unas disponibilidades de vino para la nueva campa\u00f1a de 67,3 millones de hect\u00f3litros de vino.<\/p>\n<p>En la reuni\u00f3n se destac\u00f3 tambi\u00e9n la revalorizaci\u00f3n experimentada por los vinos en la campa\u00f1a 2022\/2023, cuyos precios se sit\u00faan un 6% por encima de la media de las \u00faltimas cinco.<\/p>\n<p>As\u00ed como las medidas puestas en marcha con car\u00e1cter previo a la vendimia, como la cosecha en verde y la destilaci\u00f3n de crisis, encaminadas a equilibrar la oferta a la demanda en algunas regiones productoras de vino que cuentan con un elevado nivel de existencias.<\/p>\n<p>Sin embargo, esta reducci\u00f3n del 15% en la producci\u00f3n estimada no ha hecho repuntar el precio que perciben los viticultores por sus uvas. Lo que ha provocado una profunda preocupaci\u00f3n al no poder sufragar, los viticultores, los costes de producci\u00f3n, as\u00ed como por las dificultades que este escenario presenta para el sector del vino en su objetivo de crecer en valor.<\/p>\n<p>En un momento de \u201cincertidumbre del mercado\u201d en el que la demanda de vino espa\u00f1ol est\u00e1 sufriendo, especialmente de las variedades tintas, tener una cosecha corta puede no venir tan mal, ha apuntado el presidente de la Organizaci\u00f3n Interprofesional del Vino Espa\u00f1ol (OIVE), Fernando Ezquerro.<\/p>\n<p>Por su parte el responsable t\u00e9cnico del sector del vino de Asaja, Jos\u00e9 Ugarrio, ha lamentado que, pese a los altos costes y a la escasa producci\u00f3n de uva de esta campa\u00f1a, los precios que han percibido los agricultores han sido similares a los del a\u00f1o pasado e incluso menores en algunas regiones.<\/p>\n<p>En este sentido, el responsable del sector vitivin\u00edcola de la organizaci\u00f3n agraria COAG, Joaqu\u00edn Vizca\u00edno, ha destacado que \u201chay muchos viticultores que se van a replantear la viabilidad del cultivo y van a ir abandonando la actividad o a irse a otros cultivos con menos costes de producci\u00f3n y por tanto menos riesgo\u201d.<\/p>\n<p>Los bodegueros representados por la Federaci\u00f3n Espa\u00f1ola del Vino (FEV) consideraron \u201cmuy injustas\u201d estas cr\u00edticas pues, en su opini\u00f3n, lo \u00fanico que hacen es \u201csembrar sospechas sobre el sector\u201d cuando \u201cde manera abrumadoramente mayoritaria\u201d se cumple la ley.<\/p>\n","protected":false},"excerpt":{"rendered":"<p>El MAPA ha dado a conocer estos datos tras analizar junto a los representantes del sector el cierre de la pasada campa\u00f1a vitivin\u00edcola y el inicio de la actual 2023\/2024. La producci\u00f3n de vino estimada, seg\u00fan los datos compartidos por el Ministerio y el sector, unida a unas existencias de cierre de la campa\u00f1a anterior [&hellip;]<\/p>\n","protected":false},"author":1,"featured_media":1488,"comment_status":"open","ping_status":"closed","sticky":false,"template":"","format":"standard","meta":{"footnotes":""},"categories":[3],"tags":[],"class_list":["post-2630","post","type-post","status-publish","format-standard","has-post-thumbnail","hentry","category-impresiones"],"_links":{"self":[{"href":"https:\/\/www.salvadormanjon.com\/index.php\/wp-json\/wp\/v2\/posts\/2630","targetHints":{"allow":["GET"]}}],"collection":[{"href":"https:\/\/www.salvadormanjon.com\/index.php\/wp-json\/wp\/v2\/posts"}],"about":[{"href":"https:\/\/www.salvadormanjon.com\/index.php\/wp-json\/wp\/v2\/types\/post"}],"author":[{"embeddable":true,"href":"https:\/\/www.salvadormanjon.com\/index.php\/wp-json\/wp\/v2\/users\/1"}],"replies":[{"embeddable":true,"href":"https:\/\/www.salvadormanjon.com\/index.php\/wp-json\/wp\/v2\/comments?post=2630"}],"version-history":[{"count":0,"href":"https:\/\/www.salvadormanjon.com\/index.php\/wp-json\/wp\/v2\/posts\/2630\/revisions"}],"wp:featuredmedia":[{"embeddable":true,"href":"https:\/\/www.salvadormanjon.com\/index.php\/wp-json\/"}],"wp:attachment":[{"href":"https:\/\/www.salvadormanjon.com\/index.php\/wp-json\/wp\/v2\/media?parent=2630"}],"wp:term":[{"taxonomy":"category","embeddable":true,"href":"https:\/\/www.salvadormanjon.com\/index.php\/wp-json\/wp\/v2\/categories?post=2630"},{"taxonomy":"post_tag","embeddable":true,"href":"https:\/\/www.salvadormanjon.com\/index.php\/wp-json\/wp\/v2\/tags?post=2630"}],"curies":[{"name":"wp","href":"https:\/\/api.w.org\/{rel}","templated":true}]}}