{"id":2635,"date":"2023-11-02T12:06:26","date_gmt":"2023-11-02T10:06:26","guid":{"rendered":"http:\/\/www.salvadormanjon.com\/?p=2635"},"modified":"2023-11-02T12:06:26","modified_gmt":"2023-11-02T10:06:26","slug":"los-datos-comienzan-a-reflejar-la-debilidad-del-sector","status":"publish","type":"post","link":"https:\/\/www.salvadormanjon.com\/index.php\/2023\/11\/02\/los-datos-comienzan-a-reflejar-la-debilidad-del-sector\/","title":{"rendered":"Los datos comienzan a reflejar la debilidad del sector"},"content":{"rendered":"<p>Con la vendimia, pr\u00e1cticamente, finalizada, llega el momento de ir pensando en c\u00f3mo dar salida a lo producido y, lo que es mucho m\u00e1s importante, hacerlo al mejor precio posible.<\/p>\n<p>Sabemos, y as\u00ed se han encargado de hac\u00e9rnoslo ver nuestros amigos franceses con el vaciado de cisternas y la paralizaci\u00f3n de camiones en la frontera, que no corren buenos tiempo para el negocio del vino. No son muchas, pero s\u00ed que parecen agobiantes, las existencias de vino tinto con las que hemos iniciado la campa\u00f1a. Situaci\u00f3n que arrastramos de los \u00faltimos meses de la pasada temporada y que las medidas extraordinarias de destilaci\u00f3n de crisis o cosechas en verde, incluso aquellas otras formuladas por algunos Consejos Reguladores para reducir el volumen de la cosecha con la contracci\u00f3n de los rendimientos m\u00e1ximos admitidos; no han sido capaces m\u00e1s que de atenuar, pero no solucionar, el problema.<\/p>\n<p>Los datos de exportaci\u00f3n e Infovi del mes de agosto, \u00faltimos disponibles, as\u00ed lo certifican. Pues si el consumo interno estimado se encuentra estabilizado en los nueve millones seiscientos mil hectolitros desde hace m\u00e1s de un a\u00f1o, y el consumo anual per c\u00e1pita ligeramente por debajo de los veinte litros. Las exportaciones ceden terreno, tanto en volumen, que ya lo ven\u00edan haciendo como, ahora tambi\u00e9n, en valor. Un 2,3 en el acumulado anual, que llega al 2,6% dependiendo de si hablamos s\u00f3lo de vino o de todos los productos vitivin\u00edcolas; para el caso de que estemos hablando del valor. Y del 2,7 y 6,8 por ciento, para vino y productos vitivin\u00edcolas, si lo hacemos del volumen.<\/p>\n<p>Con la peculiaridad de que son los vinos con mayor valor, la categor\u00eda de vinos con D.O.P. envasados, unos de los que m\u00e1s est\u00e1n sufriendo, con una ca\u00edda del 5,6% del valor y el 10,2% del volumen. Siendo los varietales los que m\u00e1s crecen, un 16,6% en valor y 10,7% de volumen, si hablamos de envasados. La mejor tendencia tambi\u00e9n si hablamos de graneles, donde son la \u00fanica categor\u00eda que crece en valor, aunque en volumen, siendo los que mejores cifras presentan, cedan el 1,6%.<\/p>\n<p>Campa\u00f1a que ha tenido su traslaci\u00f3n al valor bruto de la producci\u00f3n, publicada por el Ministerio de Agricultura su tercera estimaci\u00f3n y que ha dado un vuelco a las realizadas en la anterior estimaci\u00f3n, del pasado 14 de abril. Cayendo el valor bruto de la producci\u00f3n vitivin\u00edcola espa\u00f1ola en origen 128,9 millones de euros, casi un 8,8%, hasta quedar en 1.337,4 millones de euros (698,05 M\u20ac de vino de mesa y mosto y 639,35 M\u20ac vino de calidad), frente al incremento del 1,36% y de 19,1 millones, hasta 1.425,7 millones de la anterior estimaci\u00f3n.<\/p>\n","protected":false},"excerpt":{"rendered":"<p>Con la vendimia, pr\u00e1cticamente, finalizada, llega el momento de ir pensando en c\u00f3mo dar salida a lo producido y, lo que es mucho m\u00e1s importante, hacerlo al mejor precio posible. Sabemos, y as\u00ed se han encargado de hac\u00e9rnoslo ver nuestros amigos franceses con el vaciado de cisternas y la paralizaci\u00f3n de camiones en la frontera, [&hellip;]<\/p>\n","protected":false},"author":1,"featured_media":1615,"comment_status":"open","ping_status":"closed","sticky":false,"template":"","format":"standard","meta":{"footnotes":""},"categories":[3],"tags":[],"class_list":["post-2635","post","type-post","status-publish","format-standard","has-post-thumbnail","hentry","category-impresiones"],"_links":{"self":[{"href":"https:\/\/www.salvadormanjon.com\/index.php\/wp-json\/wp\/v2\/posts\/2635","targetHints":{"allow":["GET"]}}],"collection":[{"href":"https:\/\/www.salvadormanjon.com\/index.php\/wp-json\/wp\/v2\/posts"}],"about":[{"href":"https:\/\/www.salvadormanjon.com\/index.php\/wp-json\/wp\/v2\/types\/post"}],"author":[{"embeddable":true,"href":"https:\/\/www.salvadormanjon.com\/index.php\/wp-json\/wp\/v2\/users\/1"}],"replies":[{"embeddable":true,"href":"https:\/\/www.salvadormanjon.com\/index.php\/wp-json\/wp\/v2\/comments?post=2635"}],"version-history":[{"count":0,"href":"https:\/\/www.salvadormanjon.com\/index.php\/wp-json\/wp\/v2\/posts\/2635\/revisions"}],"wp:featuredmedia":[{"embeddable":true,"href":"https:\/\/www.salvadormanjon.com\/index.php\/wp-json\/"}],"wp:attachment":[{"href":"https:\/\/www.salvadormanjon.com\/index.php\/wp-json\/wp\/v2\/media?parent=2635"}],"wp:term":[{"taxonomy":"category","embeddable":true,"href":"https:\/\/www.salvadormanjon.com\/index.php\/wp-json\/wp\/v2\/categories?post=2635"},{"taxonomy":"post_tag","embeddable":true,"href":"https:\/\/www.salvadormanjon.com\/index.php\/wp-json\/wp\/v2\/tags?post=2635"}],"curies":[{"name":"wp","href":"https:\/\/api.w.org\/{rel}","templated":true}]}}