{"id":2657,"date":"2024-01-10T14:36:22","date_gmt":"2024-01-10T12:36:22","guid":{"rendered":"http:\/\/www.salvadormanjon.com\/?p=2657"},"modified":"2024-01-10T14:36:22","modified_gmt":"2024-01-10T12:36:22","slug":"el-sector-disminuye-su-inversion-y-pierde-treinta-millones-de-euros","status":"publish","type":"post","link":"https:\/\/www.salvadormanjon.com\/index.php\/2024\/01\/10\/el-sector-disminuye-su-inversion-y-pierde-treinta-millones-de-euros\/","title":{"rendered":"El sector disminuye su inversi\u00f3n y pierde treinta millones de euros"},"content":{"rendered":"<p>Seg\u00fan los datos avanzados por el Fondo Espa\u00f1ol de Garant\u00eda Agraria (FEGA), de los 202\u201915 millones de euros con los que contaba Espa\u00f1a como asignaci\u00f3n presupuestaria inicial del Programa de Apoyo al Sector Vitivin\u00edcola (PASVE) para el ejercicio financiero 2023, comprendido entre el 16 de octubre de 2022 al 15 del mismo mes del 2023, se ha ejecutado el 84\u201995%. Lo que supone que 30\u201943 millones de estos fondos no han sido utilizados, sum\u00e1ndose a los 15\u201932 que ya perdimos en el pasado ejercicio.<\/p>\n<p>Y aunque algo de raz\u00f3n pudiesen tener las organizaciones agrarias que se\u00f1alan a las administraciones (nacional y regionales) de falta de cintura en la rigidez de los mecanismos establecidos para poder acogerse a estas medidas; convendr\u00eda no olvidar que se trata de ayudas europeas, y que son estas autoridades las que fijan los criterios de aplicaci\u00f3n, dejando escaso margen a los Estados Miembros. Siendo, fundamentalmente, la incapacidad del propio sector, que tiene que cofinanciar con al menos el cincuenta por ciento del gasto la aplicaci\u00f3n de la medida, la principal raz\u00f3n que explicar\u00eda esta p\u00e9rdida de fondos.<\/p>\n<p>De las tres principales medidas que suponen el 74\u201993% del gasto, la que mejor comportamiento ha tenido ha sido la de promoci\u00f3n, pues si bien 6\u2019693 millones de euros no se han gastado, sus 37\u2019345 empleados suponen un 3\u201952% m\u00e1s que lo gastado en el ejercicio anterior y volver a la cifra anterior a la pandemia del ejercicio 2019. Siendo el Pa\u00eds Vasco con casi ocho millones, seguido de Castilla y Le\u00f3n con seis y medio y Catalu\u00f1a con casi cinco, las regiones que m\u00e1s han empleado en mejorar sus ventas en el exterior. Aunque, si tenemos en cuenta su reducida producci\u00f3n, ha sido Madrid la que m\u00e1s lo ha hecho con un gasto en promoci\u00f3n de 29\u201922 \u20ac\/hl producido.<\/p>\n<p>Mucho peor ha sido lo sucedido con la medida de inversiones. En la que sus 3\u201970 M\u20ac gastados de menos sit\u00faan su gasto de 46\u201949 M\u20ac como uno de los m\u00e1s bajos del periodo 2016-23, s\u00f3lo por delante del fat\u00eddico\/pand\u00e9mico 2020 y de 2018. Destacando Castilla-La Mancha, cuyas 391 bodegas han dedicado a inversiones una media de 38.535 euros, muy por encima de los 11.402 de la media nacional y muy lejos de Murcia que ocupa el segundo puesto, con 18.404 \u20ac.<\/p>\n<p>Si atendemos al vi\u00f1edo, nunca antes, excepci\u00f3n hecha del cov\u00eddico 2020, se hab\u00eda invertido tan poco en reestructurar el vi\u00f1edo. Sus 44\u2019827 millones de euros est\u00e1n muy lejos de los cerca de setenta que ven\u00edan emple\u00e1ndose. D\u00e1ndose notables diferencias entre los 78\u201961 \u20ac\/ha de Extremadura o los 70\u201905 de Castilla y Le\u00f3n y los apenas 2\u20196 de Canarias o 3\u201962 de Madrid.<\/p>\n<p>En cuanto a los resultados obtenidos con la aplicaci\u00f3n de la cosecha en verde, de cuyos quince millones inicialmente presupuestados se quedaron sin utilizar algo m\u00e1s de una quinta parte, algo habr\u00e1 tenido que ver el bajo precio fijado.<\/p>\n<p>Visto lo cual, y dejando bien claro que la fiesta va por barrios, no estar\u00eda de m\u00e1s que nos empez\u00e1ramos a plantear qu\u00e9 percepci\u00f3n del futuro, al que van dirigidas todas estas medidas, tienen nuestros viticultores y bodegueros y el potencial que le ven al sector vitivin\u00edcola espa\u00f1ol. Sobre el que pesa una amenazante espada de Damocles que se llama Cambio Clim\u00e1tico y tiene como principal heraldo una sequ\u00eda cuyos efectos ya se est\u00e1n dejando notar en una parte importante de nuestros vi\u00f1edos.<\/p>\n","protected":false},"excerpt":{"rendered":"<p>Seg\u00fan los datos avanzados por el Fondo Espa\u00f1ol de Garant\u00eda Agraria (FEGA), de los 202\u201915 millones de euros con los que contaba Espa\u00f1a como asignaci\u00f3n presupuestaria inicial del Programa de Apoyo al Sector Vitivin\u00edcola (PASVE) para el ejercicio financiero 2023, comprendido entre el 16 de octubre de 2022 al 15 del mismo mes del 2023, [&hellip;]<\/p>\n","protected":false},"author":1,"featured_media":1535,"comment_status":"open","ping_status":"closed","sticky":false,"template":"","format":"standard","meta":{"footnotes":""},"categories":[3],"tags":[],"class_list":["post-2657","post","type-post","status-publish","format-standard","has-post-thumbnail","hentry","category-impresiones"],"_links":{"self":[{"href":"https:\/\/www.salvadormanjon.com\/index.php\/wp-json\/wp\/v2\/posts\/2657","targetHints":{"allow":["GET"]}}],"collection":[{"href":"https:\/\/www.salvadormanjon.com\/index.php\/wp-json\/wp\/v2\/posts"}],"about":[{"href":"https:\/\/www.salvadormanjon.com\/index.php\/wp-json\/wp\/v2\/types\/post"}],"author":[{"embeddable":true,"href":"https:\/\/www.salvadormanjon.com\/index.php\/wp-json\/wp\/v2\/users\/1"}],"replies":[{"embeddable":true,"href":"https:\/\/www.salvadormanjon.com\/index.php\/wp-json\/wp\/v2\/comments?post=2657"}],"version-history":[{"count":0,"href":"https:\/\/www.salvadormanjon.com\/index.php\/wp-json\/wp\/v2\/posts\/2657\/revisions"}],"wp:featuredmedia":[{"embeddable":true,"href":"https:\/\/www.salvadormanjon.com\/index.php\/wp-json\/"}],"wp:attachment":[{"href":"https:\/\/www.salvadormanjon.com\/index.php\/wp-json\/wp\/v2\/media?parent=2657"}],"wp:term":[{"taxonomy":"category","embeddable":true,"href":"https:\/\/www.salvadormanjon.com\/index.php\/wp-json\/wp\/v2\/categories?post=2657"},{"taxonomy":"post_tag","embeddable":true,"href":"https:\/\/www.salvadormanjon.com\/index.php\/wp-json\/wp\/v2\/tags?post=2657"}],"curies":[{"name":"wp","href":"https:\/\/api.w.org\/{rel}","templated":true}]}}