{"id":2667,"date":"2024-02-08T10:11:33","date_gmt":"2024-02-08T08:11:33","guid":{"rendered":"http:\/\/www.salvadormanjon.com\/?p=2667"},"modified":"2024-02-08T10:11:33","modified_gmt":"2024-02-08T08:11:33","slug":"mayor-flexibilidad-en-las-ayudas-y-medidas-estructurales","status":"publish","type":"post","link":"https:\/\/www.salvadormanjon.com\/index.php\/2024\/02\/08\/mayor-flexibilidad-en-las-ayudas-y-medidas-estructurales\/","title":{"rendered":"Mayor flexibilidad en las ayudas y medidas estructurales"},"content":{"rendered":"<p>Despu\u00e9s de la confusi\u00f3n (o perplejidad) que pudiese haber generado la publicaci\u00f3n del avance de producci\u00f3n del Ministerio de Agricultura de vino y mosto del mes de noviembre, retirada de su web pocos d\u00edas despu\u00e9s (seguramente por alguna cuesti\u00f3n inform\u00e1tica). Los datos del Infovi del mes de diciembre confirman una producci\u00f3n de 28.271.709 hl de vino y 3.678.229 de mosto. Un total de 31.949.938 que supone un 21,2% menos que la ya paup\u00e9rrima cosecha 2022 que fuera de 40.555.007 Mhl. Con especial incidencia en los vinos tintos que disminuyen un 24\u20198% frente el 17\u20197% en el que lo hacen los blancos, o 22\u20198% de los mostos.<\/p>\n<p>Tambi\u00e9n se mantiene estabilizado el consumo aparente interanual que se sit\u00faa en los 9.637.147 hl, un 0\u20195% superior a los 9.590.017 del registramos hace un a\u00f1o, pero (ojo) 66.341 hl menos del que tuvimos en el interanual del mes de noviembre. As\u00ed como nuestras exportaciones que, en dato, tambi\u00e9n interanual, pierden apenas doscientos mil hectolitros con respecto al del a\u00f1o anterior y se mantienen en el entorno de los veinti\u00fan millones, con una ligera recuperaci\u00f3n +1\u20194% de nuestro principal mercado, la Uni\u00f3n Europea; y unos terceros pa\u00edses (-7\u20193%) que no acaban de recuperar consumo.<\/p>\n<p>Quiz\u00e1 sea esta fragilidad con la que se est\u00e1 comportando el consumo, en todas sus vertientes (interno, UE y terceros pa\u00edses), junto con los graves problemas de producci\u00f3n a los que nos estamos enfrentando, en algunas zonas, como consecuencia de la profunda sequ\u00eda. O los bajos precios y una producci\u00f3n con apenas margen; vender por debajo de coste ser\u00eda ilegal y, por lo tanto, no deber\u00eda producirse. Aunque no faltan voces que denuncian presiones por parte de algunos bodegueros (sin citar) que les obligan a firmar unos costes inferiores a los que realmente han soportado; y que, l\u00f3gicamente tendremos que poner en duda ante lo grave que ser\u00eda. Pero que vendr\u00eda a incidir sobre la cuesti\u00f3n de actualidad que se refiere a las protestas que est\u00e1n llev\u00e1ndose a cabo durante estos d\u00edas y que empezaron en Francia, pero r\u00e1pidamente fueron extendi\u00e9ndose a toda Europa, tambi\u00e9n en Espa\u00f1a y que no s\u00f3lo cuestionan la enorme burocracia a la que son sometidos los productores, sino tambi\u00e9n la incapacidad de vender sus productos a unos precios que garanticen una rentabilidad m\u00ednima de su actividad y su relevo generacional.<\/p>\n<p>Luego, si quieren, entramos al detalle y analizamos si la denuncia de competencia desleal, niveles de exigencia desiguales en la Uni\u00f3n Europea, o los actos vand\u00e1licos de vaciado de cisternas que han acompa\u00f1ado las protestas son de recibo o fruto de la sobreactuaci\u00f3n que toda manifestaci\u00f3n de este tipo requiere.<\/p>\n<p>Pero lo bien cierto es que el sector agr\u00edcola y ganadero lleva mucho tiempo denunciando que su viabilidad hace aguas por todos los lados y que la Uni\u00f3n Europea con su Pol\u00edtica Agraria Com\u00fan, pero tambi\u00e9n la comercial o de exteriores\u2026 les deja en una posici\u00f3n de futuro muy delicada.<\/p>\n<p>Bajo este l\u00fagubre panorama, agravado por una extensi\u00f3n de la ca\u00edda del consumo a nivel mundial, no es de extra\u00f1ar que la propia Confederaci\u00f3n de Cooperativas Agro-alimentarias de Espa\u00f1a y las principales organizaciones agrarias hayan solicitado al Ministerio una mayor flexibilidad a la hora de aplicar las ayudas del ISV. E, incluso, algunas asociaciones, como las Bodegas Familiares de Rioja, hayan ido un paso m\u00e1s all\u00e1, proponiendo un arranque primado para el vi\u00f1edo de la D.O.Ca. Rioja.<\/p>\n","protected":false},"excerpt":{"rendered":"<p>Despu\u00e9s de la confusi\u00f3n (o perplejidad) que pudiese haber generado la publicaci\u00f3n del avance de producci\u00f3n del Ministerio de Agricultura de vino y mosto del mes de noviembre, retirada de su web pocos d\u00edas despu\u00e9s (seguramente por alguna cuesti\u00f3n inform\u00e1tica). Los datos del Infovi del mes de diciembre confirman una producci\u00f3n de 28.271.709 hl de [&hellip;]<\/p>\n","protected":false},"author":1,"featured_media":2409,"comment_status":"open","ping_status":"closed","sticky":false,"template":"","format":"standard","meta":{"footnotes":""},"categories":[3],"tags":[],"class_list":["post-2667","post","type-post","status-publish","format-standard","has-post-thumbnail","hentry","category-impresiones"],"_links":{"self":[{"href":"https:\/\/www.salvadormanjon.com\/index.php\/wp-json\/wp\/v2\/posts\/2667","targetHints":{"allow":["GET"]}}],"collection":[{"href":"https:\/\/www.salvadormanjon.com\/index.php\/wp-json\/wp\/v2\/posts"}],"about":[{"href":"https:\/\/www.salvadormanjon.com\/index.php\/wp-json\/wp\/v2\/types\/post"}],"author":[{"embeddable":true,"href":"https:\/\/www.salvadormanjon.com\/index.php\/wp-json\/wp\/v2\/users\/1"}],"replies":[{"embeddable":true,"href":"https:\/\/www.salvadormanjon.com\/index.php\/wp-json\/wp\/v2\/comments?post=2667"}],"version-history":[{"count":0,"href":"https:\/\/www.salvadormanjon.com\/index.php\/wp-json\/wp\/v2\/posts\/2667\/revisions"}],"wp:featuredmedia":[{"embeddable":true,"href":"https:\/\/www.salvadormanjon.com\/index.php\/wp-json\/"}],"wp:attachment":[{"href":"https:\/\/www.salvadormanjon.com\/index.php\/wp-json\/wp\/v2\/media?parent=2667"}],"wp:term":[{"taxonomy":"category","embeddable":true,"href":"https:\/\/www.salvadormanjon.com\/index.php\/wp-json\/wp\/v2\/categories?post=2667"},{"taxonomy":"post_tag","embeddable":true,"href":"https:\/\/www.salvadormanjon.com\/index.php\/wp-json\/wp\/v2\/tags?post=2667"}],"curies":[{"name":"wp","href":"https:\/\/api.w.org\/{rel}","templated":true}]}}