{"id":308,"date":"2013-06-11T09:32:15","date_gmt":"2013-06-11T07:32:15","guid":{"rendered":"http:\/\/www.sevi.net\/wordpress\/?p=308"},"modified":"2013-06-11T09:32:15","modified_gmt":"2013-06-11T07:32:15","slug":"un-desplazamiento-peligroso","status":"publish","type":"post","link":"https:\/\/www.salvadormanjon.com\/index.php\/2013\/06\/11\/un-desplazamiento-peligroso\/","title":{"rendered":"Un desplazamiento peligroso"},"content":{"rendered":"<p>Durante esta campa\u00f1a estamos disfrutando a un equilibrio casi perfecto entre producci\u00f3n (252 millones de hectolitros) y consumo (243Mhl) a nivel mundial (seg\u00fan los datos del informe estad\u00edstico 2013 de la <a title=\"Desplazamiento del consumo\" href=\"http:\/\/www.sevi.net\/xoops233\/modules\/news\/article.php?storyid=4367&amp;menupr=4&amp;storytopic=5\" target=\"_blank\" rel=\"noopener\">OIV<\/a>, presentado recientemente), lo que ha propiciado un importante aumento en las cotizaciones, como es f\u00e1cilmente comprobable con las cotizaciones que publica <a title=\"La Semana Vitivin\u00edcola\" href=\"http:\/\/www.sevi.net\" target=\"_blank\" rel=\"noopener\">Sevi<\/a>.<\/p>\n<p>Estabilidad que poco a poco, y con la mirada ya puesta en la pr\u00f3xima cosecha, va diluy\u00e9ndose, devolviendo los precios a niveles \u201cm\u00e1s normales\u201d para nuestro mercado que, especialmente, permitan afrontar la <strong>vendimia<\/strong> con costes asumibles por el mercado. De manera transcendental en el exterior, en el que vendemos m\u00e1s del doble de lo que consumimos dentro, y que cuya actividad exportadora se ha visto fuertemente afectada por estos altos precios t ay como se desprende de la informaci\u00f3n publicada en <a title=\"Exportaciones\" href=\"http:\/\/www.sevi.net\/xoops233\/modules\/news\/article.php?storyid=4226&amp;menupr=4&amp;storytopic=5\" target=\"_blank\" rel=\"noopener\">Sevi<\/a>.<\/p>\n<p>Aunque no solo los precios est\u00e1n alterando nuestras ventas exteriores, tambi\u00e9n represalias comerciales como la llevada a cabo por el gigante <a title=\"Investigaci\u00f3n china\" href=\"http:\/\/www.sevi.net\/xoops233\/modules\/news\/article.php?storyid=4346&amp;menupr=4&amp;storytopic=5\" target=\"_blank\" rel=\"noopener\">chino<\/a> quien, en respuesta a las medidas provisionales adoptadas contra sus placas solares en Europa, ha decidido frenar las importaciones de vino con origen europeo alegando pr\u00e1cticas de dumping y subsidios ilegales. Situaci\u00f3n que aunque todav\u00eda tardar\u00e1 unos meses en poder ser aplicada, podr\u00eda suponer un importante problema para un buen n\u00famero de nuestras bodegas, que han visto en este pa\u00eds un destino en el que colocar una parte importante de sus vinos de bajo <strong>precio<\/strong>, especialmente graneles.<\/p>\n<p>La reacci\u00f3n de la Uni\u00f3n Europea no se ha hecho esperar, pero teniendo en cuenta los antecedentes en este tipo de conflictos, y la rapidez con la que act\u00faa la UE y los diferentes intereses que debe defender \u2013y no todos coincidentes-, es de esperar alguna consecuencia.<\/p>\n<p>Un buen ejemplo de este buen hacer comunitario podr\u00eda ser lo que est\u00e1 sucediendo con los <strong>derechos de plantaci\u00f3n<\/strong>, asunto al que el sector asiste at\u00f3nito a interminables discusiones sobre porcentajes de autorizaciones nacionales y plazos que, sin quitarle un \u00e1pice de la importancia que tienen, desv\u00edan bastante la mirada sobre el que a mi juicio es el \u201cgran problema\u201d al que deber\u00edamos enfrentarnos: el desplazamiento del consumo hacia fuera de la Uni\u00f3n Europea. Al que estamos combatiendo con grandes cantidades de dinero, incentivando a nuestras bodegas a cubrir esas demandas justificando que es la \u00fanica posibilidad de supervivencia que tienen, pero obviando todo aquello que va detr\u00e1s del consumo, como es la producci\u00f3n, control de mercado, dominio de los precios, manejo de la distribuci\u00f3n,\u2026 por no hablar de aquellas de la tercera ola de consecuencias relacionadas con el medio ambiente, despoblaci\u00f3n de \u00e1reas rurales y p\u00e9rdida de tejido productivo.<\/p>\n","protected":false},"excerpt":{"rendered":"<p>Durante esta campa\u00f1a estamos disfrutando a un equilibrio casi perfecto entre producci\u00f3n (252 millones de hectolitros) y consumo (243Mhl) a nivel mundial (seg\u00fan los datos del informe estad\u00edstico 2013 de la OIV, presentado recientemente), lo que ha propiciado un importante aumento en las cotizaciones, como es f\u00e1cilmente comprobable con las cotizaciones que publica Sevi. Estabilidad [&hellip;]<\/p>\n","protected":false},"author":1,"featured_media":0,"comment_status":"open","ping_status":"closed","sticky":false,"template":"","format":"standard","meta":{"footnotes":""},"categories":[3],"tags":[],"class_list":["post-308","post","type-post","status-publish","format-standard","hentry","category-impresiones"],"_links":{"self":[{"href":"https:\/\/www.salvadormanjon.com\/index.php\/wp-json\/wp\/v2\/posts\/308","targetHints":{"allow":["GET"]}}],"collection":[{"href":"https:\/\/www.salvadormanjon.com\/index.php\/wp-json\/wp\/v2\/posts"}],"about":[{"href":"https:\/\/www.salvadormanjon.com\/index.php\/wp-json\/wp\/v2\/types\/post"}],"author":[{"embeddable":true,"href":"https:\/\/www.salvadormanjon.com\/index.php\/wp-json\/wp\/v2\/users\/1"}],"replies":[{"embeddable":true,"href":"https:\/\/www.salvadormanjon.com\/index.php\/wp-json\/wp\/v2\/comments?post=308"}],"version-history":[{"count":0,"href":"https:\/\/www.salvadormanjon.com\/index.php\/wp-json\/wp\/v2\/posts\/308\/revisions"}],"wp:attachment":[{"href":"https:\/\/www.salvadormanjon.com\/index.php\/wp-json\/wp\/v2\/media?parent=308"}],"wp:term":[{"taxonomy":"category","embeddable":true,"href":"https:\/\/www.salvadormanjon.com\/index.php\/wp-json\/wp\/v2\/categories?post=308"},{"taxonomy":"post_tag","embeddable":true,"href":"https:\/\/www.salvadormanjon.com\/index.php\/wp-json\/wp\/v2\/tags?post=308"}],"curies":[{"name":"wp","href":"https:\/\/api.w.org\/{rel}","templated":true}]}}