{"id":3141,"date":"2025-01-04T09:50:50","date_gmt":"2025-01-04T09:50:50","guid":{"rendered":"https:\/\/www.salvadormanjon.com\/?p=3141"},"modified":"2025-01-04T09:50:50","modified_gmt":"2025-01-04T09:50:50","slug":"el-legislativo-hace-guinos-al-sector","status":"publish","type":"post","link":"https:\/\/www.salvadormanjon.com\/index.php\/2025\/01\/04\/el-legislativo-hace-guinos-al-sector\/","title":{"rendered":"El legislativo hace gui\u00f1os al sector"},"content":{"rendered":"\n<p>Por fin, el Gobierno admite que tambi\u00e9n el vi\u00f1edo y olivar deben poder acogerse a las ayudas extraordinarias para compensar las p\u00e9rdidas de ingresos causadas por la guerra en Ucrania y la sequ\u00eda; y, seg\u00fan una disposici\u00f3n adicional incluida en el proyecto de Ley de las p\u00e9rdidas y el desperdicio alimentario, \u201cestablecer\u00e1 en un plazo m\u00e1ximo de dos meses una ayuda\u201d<\/p>\n\n\n\n<p>En este mismo proyecto de ley, se modifica la Ley 24\/2003, de 10 de julio, de la Vi\u00f1a y del Vino. En concreto, al valorar como infracci\u00f3n leve \u201cla no utilizaci\u00f3n de una autorizaci\u00f3n de nueva plantaci\u00f3n, de replantaci\u00f3n o de conversi\u00f3n concedida, salvo en los casos fijados en la normativa nacional o de la Uni\u00f3n Europea\u201d.<\/p>\n\n\n\n<p>Asimismo, el Senado instaba recientemente al Gobierno a defender \u201cde forma decidida al vino, a todo el sector vitivin\u00edcola que lo compone, y a nuestra rica tradici\u00f3n vitivin\u00edcola, reconociendo sus beneficios para la salud cuando se consume con moderaci\u00f3n, su importancia econ\u00f3mica y cultural, mientras se fomenta un consumo responsable y educado\u201d. As\u00ed como a \u201capoyar medidas que protejan y promuevan la cultura del vino, garantizando al mismo tiempo la salud p\u00fablica y el bienestar de nuestra sociedad, para lo cual proponemos, entre otras medidas culturales, sociales, saludables y sectoriales, implementar campa\u00f1as divulgativas, que promuevan el conocimiento sobre la cultura e historia del vino; la comprensi\u00f3n de los beneficios y riesgos asociados al consumo de alcohol, y la promoci\u00f3n de h\u00e1bitos de consumo responsable\u201d.<\/p>\n\n\n\n<p>En el \u00e1mbito comunitario, la Comisi\u00f3n Europea abri\u00f3 el pasado 11 de diciembre y hasta el pr\u00f3ximo 8 de enero una consulta p\u00fablica sobre la ampliaci\u00f3n del periodo de solicitud para obtener una autorizaci\u00f3n de replantaci\u00f3n de vi\u00f1edo, tras el arranque. El objetivo es que los viticultores cuenten con m\u00e1s tiempo para decidir la replantaci\u00f3n, analizando si pueden replantar vi\u00f1edo con una variedad diferente, por ejemplo, que sea m\u00e1s resistente a las enfermedades y mejor adaptada a la evoluci\u00f3n de las condiciones clim\u00e1ticas y de la demanda de unos mercados cambiantes.<\/p>\n\n\n\n<p>Mientras que, en t\u00e9rminos estad\u00edsticos, el MAPA ha recortado considerablemente su previsi\u00f3n de producci\u00f3n de vino y mosto de la actual campa\u00f1a 2024\/25, rebaj\u00e1ndola, con datos hasta el 31 de octubre, de los 37 millones de hectolitros de su estimaci\u00f3n de finales de septiembre a 36.393.300 hectolitros; es decir, en algo m\u00e1s de 600.000 hectolitros respecto a entonces. La vendimia alcanz\u00f3 algo m\u00e1s de 4,93 millones de toneladas de uva para transformaci\u00f3n, con un aumento del 10,1% y 451.400 toneladas m\u00e1s con relaci\u00f3n a la anterior (4.481.500 t), muy afectada por la sequ\u00eda y por los episodios de exceso de calor.<\/p>\n","protected":false},"excerpt":{"rendered":"<p>Por fin, el Gobierno admite que tambi\u00e9n el vi\u00f1edo y olivar deben poder acogerse a las ayudas extraordinarias para compensar las p\u00e9rdidas de ingresos causadas por la guerra en Ucrania y la sequ\u00eda; y, seg\u00fan una disposici\u00f3n adicional incluida en el proyecto de Ley de las p\u00e9rdidas y el desperdicio alimentario, \u201cestablecer\u00e1 en un plazo [&hellip;]<\/p>\n","protected":false},"author":1,"featured_media":2885,"comment_status":"open","ping_status":"closed","sticky":false,"template":"","format":"standard","meta":{"footnotes":""},"categories":[3],"tags":[],"class_list":["post-3141","post","type-post","status-publish","format-standard","has-post-thumbnail","hentry","category-impresiones"],"_links":{"self":[{"href":"https:\/\/www.salvadormanjon.com\/index.php\/wp-json\/wp\/v2\/posts\/3141","targetHints":{"allow":["GET"]}}],"collection":[{"href":"https:\/\/www.salvadormanjon.com\/index.php\/wp-json\/wp\/v2\/posts"}],"about":[{"href":"https:\/\/www.salvadormanjon.com\/index.php\/wp-json\/wp\/v2\/types\/post"}],"author":[{"embeddable":true,"href":"https:\/\/www.salvadormanjon.com\/index.php\/wp-json\/wp\/v2\/users\/1"}],"replies":[{"embeddable":true,"href":"https:\/\/www.salvadormanjon.com\/index.php\/wp-json\/wp\/v2\/comments?post=3141"}],"version-history":[{"count":1,"href":"https:\/\/www.salvadormanjon.com\/index.php\/wp-json\/wp\/v2\/posts\/3141\/revisions"}],"predecessor-version":[{"id":3142,"href":"https:\/\/www.salvadormanjon.com\/index.php\/wp-json\/wp\/v2\/posts\/3141\/revisions\/3142"}],"wp:featuredmedia":[{"embeddable":true,"href":"https:\/\/www.salvadormanjon.com\/index.php\/wp-json\/wp\/v2\/media\/2885"}],"wp:attachment":[{"href":"https:\/\/www.salvadormanjon.com\/index.php\/wp-json\/wp\/v2\/media?parent=3141"}],"wp:term":[{"taxonomy":"category","embeddable":true,"href":"https:\/\/www.salvadormanjon.com\/index.php\/wp-json\/wp\/v2\/categories?post=3141"},{"taxonomy":"post_tag","embeddable":true,"href":"https:\/\/www.salvadormanjon.com\/index.php\/wp-json\/wp\/v2\/tags?post=3141"}],"curies":[{"name":"wp","href":"https:\/\/api.w.org\/{rel}","templated":true}]}}