{"id":3151,"date":"2025-01-29T15:29:19","date_gmt":"2025-01-29T15:29:19","guid":{"rendered":"https:\/\/www.salvadormanjon.com\/?p=3151"},"modified":"2025-01-29T15:29:19","modified_gmt":"2025-01-29T15:29:19","slug":"tambien-vamos-a-deslocalizar-el-cultivo-del-vinedo","status":"publish","type":"post","link":"https:\/\/www.salvadormanjon.com\/index.php\/2025\/01\/29\/tambien-vamos-a-deslocalizar-el-cultivo-del-vinedo\/","title":{"rendered":"\u00bfTambi\u00e9n vamos a deslocalizar el cultivo del vi\u00f1edo?"},"content":{"rendered":"\n<p>La verdad es que, si tenemos en cuenta que una de las recomendaciones realizadas por el Grupo de Alto Nivel es subvencionar el abandono definitivo del vi\u00f1edo. El hecho de que se le pida a la Comisi\u00f3n Europea que lo considere como un paquete \u201cintegral y coherente\u201d. As\u00ed como que, ante los desaf\u00edos estructurales y coyunturales a los que se enfrenta, avance en la aplicaci\u00f3n de esta medida, mediante el desarrollo de un paquete legislativo propio, sin esperar a la pr\u00f3xima revisi\u00f3n de la PAC (prevista para m\u00e1s all\u00e1 de 2027), como as\u00ed lo han pedido desde la AREV (Asamblea de las Regiones Vitivin\u00edcolas Europeas), CEEV (Comit\u00e9 Europ\u00e9en des Entreprises Vins), CEVI (Confederation Europ\u00e9en des Vignerons Ind\u00e9pendants), COPA-Cogeca (cooperativas agr\u00edcolas europeas en la UE) y EFOW (Federaci\u00f3n Europea de Vinos de Origen)\u2026<\/p>\n\n\n\n<p>No s\u00e9 si es una buena noticia. M\u00e1xime si tenemos en cuenta que, de los 196\u201978 millones de euros de los pagos del PASVE e ISV en el a\u00f1o 2024, un tercio (60\u201975 M\u20ac) lo fueron para reestructurar y reconvertir vi\u00f1edo, un poco menos de otro tercio (56\u201965 M\u20ac) se destin\u00f3 a inversiones y s\u00f3lo 25\u201962 M\u20ac fueron a programas de promoci\u00f3n en terceros pa\u00edses.<\/p>\n\n\n\n<p>En primer lugar, porque, como les he venido diciendo desde esta tribuna, no tengo muy claro que el abandono de vi\u00f1edo en Espa\u00f1a subvencionado sea bueno para el sector. En segundo, porque rezuma una urgencia que resulta preocupante. En tercero, porque llevamos una \u00e9poca en la que s\u00f3lo hablamos del sector vitivin\u00edcola desde un lado negativo. Donde no se atisba m\u00e1s futuro que la sumisi\u00f3n a los problemas y escasa, o ninguna alternativa de enfrentamiento a la p\u00e9rdida de consumo y ausencia de rentabilidad econ\u00f3mica. Y en cuarto, porque estamos gastando ingentes cantidades de millones de euros en hacer m\u00e1s competitivo un sector que queremos reducir.<\/p>\n\n\n\n<p>Nos olvidamos o soslayamos sus tradiciones, su cultura, su aspecto social\u2026 y nos centramos en una sociedad a la que una parte importante parte de nuestra clase pol\u00edtica est\u00e1 empe\u00f1ada en dirigir dici\u00e9ndonos lo que podemos y no podemos beber o comer. Sin m\u00e1s argumento que la imposici\u00f3n frente la formaci\u00f3n y educaci\u00f3n.<\/p>\n\n\n\n<p>La Inteligencia Artificial, tan de actualidad y que en estos d\u00edas ha puesto de manifiesto la gran fragilidad con la que construimos nuestras previsiones, como as\u00ed lo demuestra el siete que ha hecho en las bolsas la entrada en competencia de una IA china que requiere de muchos menos recursos en ordenadores y chips, abaratando su uso hasta el punto de que su uso sea gratuito; y cuyas consecuencias en las empresas tecnol\u00f3gicas pudieran ser calamitosas.<\/p>\n\n\n\n<p>Si estas visiones catastrofistas del sector acaban traduci\u00e9ndose en el abandono de parte de nuestros vi\u00f1edos, los m\u00e1s antiguos por resultar los menos productivos; y las previsiones acaban fallando, \u00bfvamos a volver a plantar entonces o es que dejaremos que sean otros pa\u00edses los que ocupen nuestro lugar?<\/p>\n","protected":false},"excerpt":{"rendered":"<p>La verdad es que, si tenemos en cuenta que una de las recomendaciones realizadas por el Grupo de Alto Nivel es subvencionar el abandono definitivo del vi\u00f1edo. El hecho de que se le pida a la Comisi\u00f3n Europea que lo considere como un paquete \u201cintegral y coherente\u201d. As\u00ed como que, ante los desaf\u00edos estructurales y [&hellip;]<\/p>\n","protected":false},"author":1,"featured_media":3070,"comment_status":"open","ping_status":"closed","sticky":false,"template":"","format":"standard","meta":{"footnotes":""},"categories":[3],"tags":[],"class_list":["post-3151","post","type-post","status-publish","format-standard","has-post-thumbnail","hentry","category-impresiones"],"_links":{"self":[{"href":"https:\/\/www.salvadormanjon.com\/index.php\/wp-json\/wp\/v2\/posts\/3151","targetHints":{"allow":["GET"]}}],"collection":[{"href":"https:\/\/www.salvadormanjon.com\/index.php\/wp-json\/wp\/v2\/posts"}],"about":[{"href":"https:\/\/www.salvadormanjon.com\/index.php\/wp-json\/wp\/v2\/types\/post"}],"author":[{"embeddable":true,"href":"https:\/\/www.salvadormanjon.com\/index.php\/wp-json\/wp\/v2\/users\/1"}],"replies":[{"embeddable":true,"href":"https:\/\/www.salvadormanjon.com\/index.php\/wp-json\/wp\/v2\/comments?post=3151"}],"version-history":[{"count":1,"href":"https:\/\/www.salvadormanjon.com\/index.php\/wp-json\/wp\/v2\/posts\/3151\/revisions"}],"predecessor-version":[{"id":3152,"href":"https:\/\/www.salvadormanjon.com\/index.php\/wp-json\/wp\/v2\/posts\/3151\/revisions\/3152"}],"wp:featuredmedia":[{"embeddable":true,"href":"https:\/\/www.salvadormanjon.com\/index.php\/wp-json\/wp\/v2\/media\/3070"}],"wp:attachment":[{"href":"https:\/\/www.salvadormanjon.com\/index.php\/wp-json\/wp\/v2\/media?parent=3151"}],"wp:term":[{"taxonomy":"category","embeddable":true,"href":"https:\/\/www.salvadormanjon.com\/index.php\/wp-json\/wp\/v2\/categories?post=3151"},{"taxonomy":"post_tag","embeddable":true,"href":"https:\/\/www.salvadormanjon.com\/index.php\/wp-json\/wp\/v2\/tags?post=3151"}],"curies":[{"name":"wp","href":"https:\/\/api.w.org\/{rel}","templated":true}]}}