{"id":3155,"date":"2025-02-05T15:59:17","date_gmt":"2025-02-05T15:59:17","guid":{"rendered":"https:\/\/www.salvadormanjon.com\/?p=3155"},"modified":"2025-02-05T15:59:17","modified_gmt":"2025-02-05T15:59:17","slug":"un-futuro-alentador-mejorando-la-imagen-pais","status":"publish","type":"post","link":"https:\/\/www.salvadormanjon.com\/index.php\/2025\/02\/05\/un-futuro-alentador-mejorando-la-imagen-pais\/","title":{"rendered":"Un futuro alentador mejorando la \u201cimagen pa\u00eds\u201d"},"content":{"rendered":"\n<p>Posiblemente se trate m\u00e1s de una ilusi\u00f3n que de una realidad, pero tengo la profunda sensaci\u00f3n de que las cosas en este sector no est\u00e1n tan mal como nos las estamos pintando. A pesar de Trump.<\/p>\n\n\n\n<p>Y digo, estamos, que ah\u00ed es donde radica la gravedad del asunto, pues somos nosotros mismos los que nos estamos fustigando con las amenazas que penden sobre nuestro sector. Planteando los problemas (que los hay y no se puede mirar hacia otro lado) como cuestiones insalvables y vaticinando consecuencias catastr\u00f3ficas.<\/p>\n\n\n\n<p>Negar estas amenazas, fundamentalmente aquellas derivadas del contenido alcoh\u00f3lico de nuestra producci\u00f3n y los \u201cesfuerzos\u201d de las administraciones en reducir su consumo. Pero sin olvidarnos de las emanadas del Cambio Clim\u00e1tico y los efectos que sobre los vi\u00f1edos (y los vinos) est\u00e1 teniendo, con largos per\u00edodos de sequ\u00eda que llegan a poner en peligro la propia supervivencia de la planta, llev\u00e1ndonos a cosechas err\u00e1ticas e hist\u00f3ricamente bajas. O las nacidas de pol\u00edticas proteccionistas, que amenazan con la imposici\u00f3n de aranceles en el primer pa\u00eds del mundo por consumo, en el que las bodegas espa\u00f1olas llevan a\u00f1os, muchos a\u00f1os, luchando por abrirse un hueco.<\/p>\n\n\n\n<p>Negar todo esto no s\u00f3lo no ser\u00eda serio, sino incluso irresponsable y necio. Ya que no se puede luchar contra lo que se ignora. Pero de ah\u00ed, a rendirnos y mirar al futuro con resignaci\u00f3n y voluntad de asumir como insuperables estos retos, y alguno m\u00e1s que me he dejado por no extenderme demasiado, sencillamente no resulta aceptable. Sabemos que el vino seguir\u00e1 produci\u00e9ndose y consumi\u00e9ndose, por lo que habr\u00e1 mercado, y nosotros tenemos que luchar por mejorar el puesto que ocupamos en este tablero globalizado.<\/p>\n\n\n\n<p>Aunque somos conscientes, con total seguridad, de que la falta de relevo generacional no es un problema que nos afecte s\u00f3lo a nosotros y que en ello tienen mucho que ver cambios culturales y sociales poco o nada vinculados con el sector vitivin\u00edcola, tampoco podemos darle la espalda a este fen\u00f3meno. Debemos asumir que, detr\u00e1s de esta falta de voluntad por seguir con la actividad vitivin\u00edcola que desarrollaron padres y abuelos, se esconde una falta de rentabilidad econ\u00f3mica que lo dificulta mucho.<\/p>\n\n\n\n<p>La concienciaci\u00f3n cada vez m\u00e1s extendida de que tambi\u00e9n el sector primario debe guiarse por criterios econ\u00f3micos que hagan lucrativa la actividad y permitan vivir de forma digna de su trabajo est\u00e1 en el fondo de este problema y pesa mucho m\u00e1s que sequ\u00edas, reducciones de consumo o barreras arancelarias.<\/p>\n\n\n\n<p>Hasta ahora, todas las iniciativas que se han adoptado para solucionar este problema han resultado infructuosas y sus consecuencias, en forma de abandono del cultivo, est\u00e1n siendo nefastas para el sector, el medio ambiente y la despoblaci\u00f3n de las zonas rurales. Las tres patas que sustentan la Pol\u00edtica Agraria Com\u00fan baja el t\u00e9rmino de sostenibilidad.<\/p>\n\n\n\n<p>Los m\u00e1rgenes de los grandes vol\u00famenes de nuestra producci\u00f3n no permiten muchos incrementos, es cierto. Pero no lo es menos que, con esta pol\u00edtica de precios bajos, lo \u00fanico que estamos haciendo es empobrecer nuestras producciones, perder patrimonio vit\u00edcola de calidad y renunciar a la valorizaci\u00f3n de nuestros productos.<\/p>\n\n\n\n<p>Se hace necesario mejorar la \u201cimagen pa\u00eds\u201d, y eso s\u00f3lo lo puede hacer el pa\u00eds.<\/p>\n","protected":false},"excerpt":{"rendered":"<p>Posiblemente se trate m\u00e1s de una ilusi\u00f3n que de una realidad, pero tengo la profunda sensaci\u00f3n de que las cosas en este sector no est\u00e1n tan mal como nos las estamos pintando. A pesar de Trump. Y digo, estamos, que ah\u00ed es donde radica la gravedad del asunto, pues somos nosotros mismos los que nos [&hellip;]<\/p>\n","protected":false},"author":1,"featured_media":3073,"comment_status":"open","ping_status":"closed","sticky":false,"template":"","format":"standard","meta":{"footnotes":""},"categories":[3],"tags":[],"class_list":["post-3155","post","type-post","status-publish","format-standard","has-post-thumbnail","hentry","category-impresiones"],"_links":{"self":[{"href":"https:\/\/www.salvadormanjon.com\/index.php\/wp-json\/wp\/v2\/posts\/3155","targetHints":{"allow":["GET"]}}],"collection":[{"href":"https:\/\/www.salvadormanjon.com\/index.php\/wp-json\/wp\/v2\/posts"}],"about":[{"href":"https:\/\/www.salvadormanjon.com\/index.php\/wp-json\/wp\/v2\/types\/post"}],"author":[{"embeddable":true,"href":"https:\/\/www.salvadormanjon.com\/index.php\/wp-json\/wp\/v2\/users\/1"}],"replies":[{"embeddable":true,"href":"https:\/\/www.salvadormanjon.com\/index.php\/wp-json\/wp\/v2\/comments?post=3155"}],"version-history":[{"count":1,"href":"https:\/\/www.salvadormanjon.com\/index.php\/wp-json\/wp\/v2\/posts\/3155\/revisions"}],"predecessor-version":[{"id":3156,"href":"https:\/\/www.salvadormanjon.com\/index.php\/wp-json\/wp\/v2\/posts\/3155\/revisions\/3156"}],"wp:featuredmedia":[{"embeddable":true,"href":"https:\/\/www.salvadormanjon.com\/index.php\/wp-json\/wp\/v2\/media\/3073"}],"wp:attachment":[{"href":"https:\/\/www.salvadormanjon.com\/index.php\/wp-json\/wp\/v2\/media?parent=3155"}],"wp:term":[{"taxonomy":"category","embeddable":true,"href":"https:\/\/www.salvadormanjon.com\/index.php\/wp-json\/wp\/v2\/categories?post=3155"},{"taxonomy":"post_tag","embeddable":true,"href":"https:\/\/www.salvadormanjon.com\/index.php\/wp-json\/wp\/v2\/tags?post=3155"}],"curies":[{"name":"wp","href":"https:\/\/api.w.org\/{rel}","templated":true}]}}