{"id":3166,"date":"2025-03-12T15:31:04","date_gmt":"2025-03-12T15:31:04","guid":{"rendered":"https:\/\/www.salvadormanjon.com\/?p=3166"},"modified":"2025-03-12T15:31:04","modified_gmt":"2025-03-12T15:31:04","slug":"un-sector-alicaido-necesitado-de-alicientes","status":"publish","type":"post","link":"https:\/\/www.salvadormanjon.com\/index.php\/2025\/03\/12\/un-sector-alicaido-necesitado-de-alicientes\/","title":{"rendered":"Un sector alica\u00eddo necesitado de alicientes"},"content":{"rendered":"\n<p> Sin apenas cambios sobre el anteproyecto, m\u00e1s all\u00e1 de peque\u00f1os matices, como que se permita la publicidad de aquellas bebidas fermentadas con graduaci\u00f3n inferior a 0,5% o \u201crecomendar\u201d que no se utilice la leyenda \u201cconsumo responsable\u201d o \u201cconsumo moderado\u201d; el Consejo de Ministros del pasado martes 11 de marzo daba luz verde a la tramitaci\u00f3n de la Ley de prevenci\u00f3n del consumo de bebidas alcoh\u00f3licas y sus efectos en menores de edad. Con ella pretende hacer frente al problema de consumo de alcohol entre nuestros j\u00f3venes, que seg\u00fan la \u00faltima encuesta ESTUDES de 2023, se\u00f1ala que tres de cuatro adolescentes entre 14 y 18 a\u00f1os han bebido alcohol en el \u00faltimo a\u00f1o y algo m\u00e1s de la mitad en el \u00faltimo mes. As\u00ed como \u201cdesterrar de nuestro imaginario la idea de puede haber beneficios en un consumo moderado\u201d. \u201cNo es verdad. No aporta ning\u00fan beneficio y, mucho menos, en los menores\u201d, tal y como manifest\u00f3 la ministra de Sanidad, M\u00f3nica Garc\u00eda.<\/p>\n\n\n\n<p>En otro orden de cosas, ya se conoce el proyecto de reglamento de medidas para el sector del vino de la UE elaborado por el Comisario Hansen cuya propuesta reglamentaria se presentar\u00e1 a que principios de abril y en la que, todo parece indicar, se recoger\u00e1n gran parte de las recomendaciones presentadas el pasado 16 de diciembre por el Grupo de Alto Nivel (GAN) con el objetivo de potenciar la competitividad de los viticultores europeos, en especial las Denominaciones de Origen. Con las que aliviar a un sector fuertemente consternado por la evoluci\u00f3n del consumo y el mercado, as\u00ed como por las amenazas arancelarias.<\/p>\n\n\n\n<p>Entre las medidas se encontrar\u00eda la ampliaci\u00f3n de 5 a 8 a\u00f1os de los derechos de plantaci\u00f3n y replantaci\u00f3n. La eliminaci\u00f3n de las penalizaciones administrativas por las replantaciones no ejecutadas. La posibilidad de que los Estados Miembros puedan cofinanciar las destilaciones, arranque o vendimia en verde, hasta en un 20%. Permitir a las organizaciones de productores la adopci\u00f3n de normas encaminadas a mejorar la posici\u00f3n de los viticultores en la cadena de valor. O que los Estados establezcan l\u00edmites a los rendimientos y medidas de gesti\u00f3n de las existencias.<\/p>\n\n\n\n<p>Mantiene su apuesta por los vinos desalcoholizados, total o parcialmente; comprometi\u00e9ndose a mejorar la comprensi\u00f3n de los consumidores mediante la utilizaci\u00f3n de t\u00e9rminos como \u201ccero alcohol\u201d para contenido no superior al 0,1% vol.; \u201csin alcohol\u201d si el contenido no sobrepasa el 0,5% vol. y \u201cbajo contenido en alcohol\u201d si superara ese medio grado. Abri\u00e9ndolo a vinos espumosos o aromatizados. As\u00ed como por la armonizaci\u00f3n europea de la etiqueta electr\u00f3nica o el desarrollo del enoturismo.<\/p>\n\n\n\n<p>Un buen ejemplo de esta situaci\u00f3n sectorial la podr\u00edamos encontrar en el porcentaje de ejecuci\u00f3n del presupuesto asignado mediante los fondos de la Intervenci\u00f3n Sectorial (ISV) y que ha sido en el ejercicio 2024 (periodo comprendido entre el 16 de octubre de 2023 y el 15 de octubre de 2024) de 202,15 M\u20ac, de los que 23,29 M\u20ac se quedaron sin ejecutar (11,52%).<\/p>\n\n\n\n<p>Si bien, a este importe cabr\u00eda a\u00f1adir 17,92 M\u20ac gastados correspondientes al ejercicio anterior, lo que elevar\u00eda el total de lo ejecutado a 196,8M\u20ac, que todav\u00eda se sit\u00faa por debajo del importe anual asignado.<\/p>\n\n\n\n<p>Bajo este panorama, es posible asegurar que el sector est\u00e1 apesadumbrado por la situaci\u00f3n coyuntural que est\u00e1 viviendo. Lo que no resulta tan sencillo es medir las consecuencias estructurales que esta situaci\u00f3n acabe teniendo.<\/p>\n","protected":false},"excerpt":{"rendered":"<p>Sin apenas cambios sobre el anteproyecto, m\u00e1s all\u00e1 de peque\u00f1os matices, como que se permita la publicidad de aquellas bebidas fermentadas con graduaci\u00f3n inferior a 0,5% o \u201crecomendar\u201d que no se utilice la leyenda \u201cconsumo responsable\u201d o \u201cconsumo moderado\u201d; el Consejo de Ministros del pasado martes 11 de marzo daba luz verde a la tramitaci\u00f3n [&hellip;]<\/p>\n","protected":false},"author":1,"featured_media":2983,"comment_status":"open","ping_status":"closed","sticky":false,"template":"","format":"standard","meta":{"footnotes":""},"categories":[3],"tags":[],"class_list":["post-3166","post","type-post","status-publish","format-standard","has-post-thumbnail","hentry","category-impresiones"],"_links":{"self":[{"href":"https:\/\/www.salvadormanjon.com\/index.php\/wp-json\/wp\/v2\/posts\/3166","targetHints":{"allow":["GET"]}}],"collection":[{"href":"https:\/\/www.salvadormanjon.com\/index.php\/wp-json\/wp\/v2\/posts"}],"about":[{"href":"https:\/\/www.salvadormanjon.com\/index.php\/wp-json\/wp\/v2\/types\/post"}],"author":[{"embeddable":true,"href":"https:\/\/www.salvadormanjon.com\/index.php\/wp-json\/wp\/v2\/users\/1"}],"replies":[{"embeddable":true,"href":"https:\/\/www.salvadormanjon.com\/index.php\/wp-json\/wp\/v2\/comments?post=3166"}],"version-history":[{"count":1,"href":"https:\/\/www.salvadormanjon.com\/index.php\/wp-json\/wp\/v2\/posts\/3166\/revisions"}],"predecessor-version":[{"id":3167,"href":"https:\/\/www.salvadormanjon.com\/index.php\/wp-json\/wp\/v2\/posts\/3166\/revisions\/3167"}],"wp:featuredmedia":[{"embeddable":true,"href":"https:\/\/www.salvadormanjon.com\/index.php\/wp-json\/wp\/v2\/media\/2983"}],"wp:attachment":[{"href":"https:\/\/www.salvadormanjon.com\/index.php\/wp-json\/wp\/v2\/media?parent=3166"}],"wp:term":[{"taxonomy":"category","embeddable":true,"href":"https:\/\/www.salvadormanjon.com\/index.php\/wp-json\/wp\/v2\/categories?post=3166"},{"taxonomy":"post_tag","embeddable":true,"href":"https:\/\/www.salvadormanjon.com\/index.php\/wp-json\/wp\/v2\/tags?post=3166"}],"curies":[{"name":"wp","href":"https:\/\/api.w.org\/{rel}","templated":true}]}}