{"id":3225,"date":"2025-09-10T13:00:33","date_gmt":"2025-09-10T13:00:33","guid":{"rendered":"https:\/\/www.salvadormanjon.com\/?p=3225"},"modified":"2025-09-10T13:00:33","modified_gmt":"2025-09-10T13:00:33","slug":"medidas-urgentes-para-un-sector-que-confirma-su-fragilidad","status":"publish","type":"post","link":"https:\/\/www.salvadormanjon.com\/index.php\/2025\/09\/10\/medidas-urgentes-para-un-sector-que-confirma-su-fragilidad\/","title":{"rendered":"Medidas urgentes para un sector que confirma su fragilidad"},"content":{"rendered":"\n<p>Es mucho lo que en estos momentos nos jugamos (nada menos que la producci\u00f3n con la que deberemos trabajar toda la campa\u00f1a), como para no detenernos en la informaci\u00f3n de vendimia y analizar lo que est\u00e1 sucediendo con los precios a los que se est\u00e1n cerrando los primeros contratos y las estimaciones de producci\u00f3n que se est\u00e1n barajando.<\/p>\n\n\n\n<p>Dicho lo cual, insistimos en la necesidad de poner en valor la provisionalidad de la informaci\u00f3n con la que estamos trabajando. Si siempre resulta importante resaltarlo ya que hablamos en potencial y no se puede concretar hasta que es pesado el remolque en la bodega y descargada en la tolva sus uvas. En esta ocasi\u00f3n, los efectos que la climatolog\u00eda ha tenido sobre la producci\u00f3n han ido, o eso parece, mucho m\u00e1s all\u00e1 de lo que cualquiera pudiera haberse imaginado en el peor de los casos. Y la p\u00e9rdida puede ser de tal magnitud como para hacer girar la cosecha, de una valoraci\u00f3n positiva y optimista, tendente a recuperar la normalidad, tras la p\u00e9rdida como consecuencia de la pertinaz sequ\u00eda de los a\u00f1os anteriores; a sumarse a ese lamentable elenco de campa\u00f1as de producci\u00f3n hist\u00f3ricamente cortas.<\/p>\n\n\n\n<p>Una intensa ola de calor que ha afectado a toda Espa\u00f1a, sin excepci\u00f3n, prolong\u00e1ndose durante 16 d\u00edas (entre el 3 y el 18 de agosto) y calificada por la Agencia Estatal de Meteorolog\u00eda (Aemet) como la m\u00e1s intensa registrada de la historia. Agravada por la quema en incendios de m\u00e1s de cuatrocientas mil hect\u00e1reas, m\u00e1s de dos mil cien de vi\u00f1edo, seg\u00fan los datos facilitados por el Ministerio de Agricultura. Y unos efectos sobre la producci\u00f3n que deber\u00edamos calificar de hist\u00f3ricos y que no hac\u00edan sino sumarse a los provocados por los granizos o los de una enfermedad criptog\u00e1mica, perfectamente conocida y controlable, como es el mildiu. Pero que, en esta ocasi\u00f3n su estado larvado ha complicado mucho su tratamiento y acentuado, de manera muy significativa, los efectos sobre el estado de los racimos.<\/p>\n\n\n\n<p>Aunque, quiz\u00e1s lo m\u00e1s preocupante lo podamos encontrar en las cotizaciones a las que est\u00e1n siendo comprometidas las uvas. Con incrementos exiguos, en aquellos casos en los que resulta vergonzosa su propia menci\u00f3n, dado lo bajos que son. O con reducciones que superan los dos d\u00edgitos de variaci\u00f3n porcentual sobre los de la campa\u00f1a pasada, en aquellos lugares y variedades para los que se contaba con cotizaciones interesantes.<\/p>\n\n\n\n<p>Tampoco los datos de existencias, en niveles hist\u00f3ricamente bajos, es que expliquen una situaci\u00f3n que parece marcada por un pesimismo arraigado sobre el consumo y la incapacidad del sector para hacerle frente. Al menos en el corto plazo.<\/p>\n\n\n\n<p>De momento, la herramienta con la que disponemos para hacerle frente a tendencias de mercado cambiantes, realidades geopol\u00edticas que dificultan el acceso a mercados terceros y el cambio clim\u00e1tico que genera incertidumbre en las cosechas; es el paquete de medidas, conocidas como \u201cPaquete Vino\u201d.<\/p>\n\n\n\n<p>Que, presentadas por la Comisi\u00f3n Europea a finales de marzo y tras contar, en el mes de junio, con el acuerdo del Consejo de Europa. S\u00f3lo resta el acuerdo del Parlamento Europeo, donde se est\u00e1n discutiendo las enmiendas y estima pueda dar su aprobaci\u00f3n antes de que acabe el a\u00f1o, para que puedan ser aplicables en la pr\u00f3xima campa\u00f1a.<\/p>\n\n\n\n<p>Esta situaci\u00f3n va mucho m\u00e1s all\u00e1 de producciones y efectos clim\u00e1ticos, antoj\u00e1ndose necesarias medidas estructurales.<\/p>\n","protected":false},"excerpt":{"rendered":"<p>Es mucho lo que en estos momentos nos jugamos (nada menos que la producci\u00f3n con la que deberemos trabajar toda la campa\u00f1a), como para no detenernos en la informaci\u00f3n de vendimia y analizar lo que est\u00e1 sucediendo con los precios a los que se est\u00e1n cerrando los primeros contratos y las estimaciones de producci\u00f3n que [&hellip;]<\/p>\n","protected":false},"author":1,"featured_media":3051,"comment_status":"open","ping_status":"closed","sticky":false,"template":"","format":"standard","meta":{"footnotes":""},"categories":[3],"tags":[],"class_list":["post-3225","post","type-post","status-publish","format-standard","has-post-thumbnail","hentry","category-impresiones"],"_links":{"self":[{"href":"https:\/\/www.salvadormanjon.com\/index.php\/wp-json\/wp\/v2\/posts\/3225","targetHints":{"allow":["GET"]}}],"collection":[{"href":"https:\/\/www.salvadormanjon.com\/index.php\/wp-json\/wp\/v2\/posts"}],"about":[{"href":"https:\/\/www.salvadormanjon.com\/index.php\/wp-json\/wp\/v2\/types\/post"}],"author":[{"embeddable":true,"href":"https:\/\/www.salvadormanjon.com\/index.php\/wp-json\/wp\/v2\/users\/1"}],"replies":[{"embeddable":true,"href":"https:\/\/www.salvadormanjon.com\/index.php\/wp-json\/wp\/v2\/comments?post=3225"}],"version-history":[{"count":1,"href":"https:\/\/www.salvadormanjon.com\/index.php\/wp-json\/wp\/v2\/posts\/3225\/revisions"}],"predecessor-version":[{"id":3226,"href":"https:\/\/www.salvadormanjon.com\/index.php\/wp-json\/wp\/v2\/posts\/3225\/revisions\/3226"}],"wp:featuredmedia":[{"embeddable":true,"href":"https:\/\/www.salvadormanjon.com\/index.php\/wp-json\/wp\/v2\/media\/3051"}],"wp:attachment":[{"href":"https:\/\/www.salvadormanjon.com\/index.php\/wp-json\/wp\/v2\/media?parent=3225"}],"wp:term":[{"taxonomy":"category","embeddable":true,"href":"https:\/\/www.salvadormanjon.com\/index.php\/wp-json\/wp\/v2\/categories?post=3225"},{"taxonomy":"post_tag","embeddable":true,"href":"https:\/\/www.salvadormanjon.com\/index.php\/wp-json\/wp\/v2\/tags?post=3225"}],"curies":[{"name":"wp","href":"https:\/\/api.w.org\/{rel}","templated":true}]}}