{"id":3259,"date":"2025-12-10T15:18:47","date_gmt":"2025-12-10T15:18:47","guid":{"rendered":"https:\/\/www.salvadormanjon.com\/?p=3259"},"modified":"2025-12-10T15:18:47","modified_gmt":"2025-12-10T15:18:47","slug":"dos-meses-que-pueden-marcar-un-sector","status":"publish","type":"post","link":"https:\/\/www.salvadormanjon.com\/index.php\/2025\/12\/10\/dos-meses-que-pueden-marcar-un-sector\/","title":{"rendered":"Dos meses que pueden marcar un sector"},"content":{"rendered":"\n<p>Posiblemente, de todo lo acontecido en la \u00faltima semana, sea el acuerdo alcanzado por el tr\u00edlogo (Comisi\u00f3n Europea, Consejo y Parlamento Europeo) sobre el texto final del conocido como \u201cPaquete Vino\u201d (por lo que ya \u00fanicamente queda su adopci\u00f3n formal por parte del Parlamento y del Consejo y su publicaci\u00f3n en el Diario Oficial de la Uni\u00f3n Europea, algo que se espera que pueda tener lugar entre enero y febrero del a\u00f1o pr\u00f3ximo) lo m\u00e1s transcendental para el futuro inmediato del sector vitivin\u00edcola europeo.<\/p>\n\n\n\n<p>Ya que, en \u00e9l, bajo la premisa de ofrecer al sector herramientas acordes a las diferentes necesidades que tienen cada uno de los Estados Miembros, se configuran una serie de medidas encaminadas a mejorar la competitividad y la valorizaci\u00f3n de la producci\u00f3n vitivin\u00edcola europea. Llegando a ofrecer alguna posibilidad de un abandono digno (subvencionado) para aquellos que, bien por falta de relevo generacional, rentabilidad o, sencillamente, porque apuestan por otros cultivos, decidan abandonar el vi\u00f1edo. Mejorar la coherencia entre las diferentes medidas existentes, as\u00ed como la cofinanciaci\u00f3n, y presentar los productos vitivin\u00edcolas de una forma m\u00e1s clara al consumidor son otros de sus fines.<\/p>\n\n\n\n<p>Aun as\u00ed, lo que est\u00e1 sucediendo con el consumo, en Espa\u00f1a (que podr\u00edamos hacer extensible a pr\u00e1cticamente todo el mundo, desde luego a todos los importantes) resulta mucho m\u00e1s preocupante y est\u00e1 generado cierta alarma sectorial, que hace que la opci\u00f3n del abandono del vi\u00f1edo o el cierre de bodegas se hayan convertido en posibilidades a tener en cuenta.<\/p>\n\n\n\n<p>Hasta ahora el suelo del consumo nacional parec\u00edamos tenerlo estable en el entorno de los nueve millones ochocientos mil hectolitros. Lamentablemente septiembre supuso un fuerte mazazo a esta estabilidad y cay\u00f3 hasta los 9,53 Mhl interanuales, tendencia que se ha confirmado con los \u00faltimos datos del Infovi de octubre, donde, aunque con mucha menos fuerza (-0,54% respecto al mes precedente) hemos vuelto a caer hasta situarnos en los 9,48 Mhl.<\/p>\n\n\n\n<p>Por colores los tintos pierden en ese mes un 1,29% con respecto a septiembre, mientras los blancos recuperan un 0,58% de su consumo. Confirm\u00e1ndose el punto de inflexi\u00f3n que ambas categor\u00edas iniciaron en el pasado mes de junio.<\/p>\n\n\n\n<p>Tema, el del d\u00f3nde se podr\u00eda situar el nuevo suelo del consumo nacional, transcendental y sobre el que habr\u00e1 que estar muy pendiente. Pues si con la crisis econ\u00f3mica iniciada en 2022, en apenas diez meses nos dejamos un mill\u00f3n de hectolitros (-9,33%), habr\u00e1 que estar muy atentos a las cifras que nos quedan por conocer de estos dos \u00faltimos meses (clave) del a\u00f1o y confiar en que, los trescientos dieciocho mil hectolitros que llevamos perdidos, no vayan a m\u00e1s en noviembre o diciembre, o al menos lo hagan de una forma mucho m\u00e1s suavizada.<\/p>\n","protected":false},"excerpt":{"rendered":"<p>Posiblemente, de todo lo acontecido en la \u00faltima semana, sea el acuerdo alcanzado por el tr\u00edlogo (Comisi\u00f3n Europea, Consejo y Parlamento Europeo) sobre el texto final del conocido como \u201cPaquete Vino\u201d (por lo que ya \u00fanicamente queda su adopci\u00f3n formal por parte del Parlamento y del Consejo y su publicaci\u00f3n en el Diario Oficial de [&hellip;]<\/p>\n","protected":false},"author":1,"featured_media":3069,"comment_status":"open","ping_status":"closed","sticky":false,"template":"","format":"standard","meta":{"footnotes":""},"categories":[3],"tags":[],"class_list":["post-3259","post","type-post","status-publish","format-standard","has-post-thumbnail","hentry","category-impresiones"],"_links":{"self":[{"href":"https:\/\/www.salvadormanjon.com\/index.php\/wp-json\/wp\/v2\/posts\/3259","targetHints":{"allow":["GET"]}}],"collection":[{"href":"https:\/\/www.salvadormanjon.com\/index.php\/wp-json\/wp\/v2\/posts"}],"about":[{"href":"https:\/\/www.salvadormanjon.com\/index.php\/wp-json\/wp\/v2\/types\/post"}],"author":[{"embeddable":true,"href":"https:\/\/www.salvadormanjon.com\/index.php\/wp-json\/wp\/v2\/users\/1"}],"replies":[{"embeddable":true,"href":"https:\/\/www.salvadormanjon.com\/index.php\/wp-json\/wp\/v2\/comments?post=3259"}],"version-history":[{"count":1,"href":"https:\/\/www.salvadormanjon.com\/index.php\/wp-json\/wp\/v2\/posts\/3259\/revisions"}],"predecessor-version":[{"id":3260,"href":"https:\/\/www.salvadormanjon.com\/index.php\/wp-json\/wp\/v2\/posts\/3259\/revisions\/3260"}],"wp:featuredmedia":[{"embeddable":true,"href":"https:\/\/www.salvadormanjon.com\/index.php\/wp-json\/wp\/v2\/media\/3069"}],"wp:attachment":[{"href":"https:\/\/www.salvadormanjon.com\/index.php\/wp-json\/wp\/v2\/media?parent=3259"}],"wp:term":[{"taxonomy":"category","embeddable":true,"href":"https:\/\/www.salvadormanjon.com\/index.php\/wp-json\/wp\/v2\/categories?post=3259"},{"taxonomy":"post_tag","embeddable":true,"href":"https:\/\/www.salvadormanjon.com\/index.php\/wp-json\/wp\/v2\/tags?post=3259"}],"curies":[{"name":"wp","href":"https:\/\/api.w.org\/{rel}","templated":true}]}}